{"id":10410,"date":"2020-05-14T00:28:02","date_gmt":"2020-05-14T03:28:02","guid":{"rendered":"https:\/\/temucotelevision.cl\/web\/?p=10410"},"modified":"2020-05-14T00:28:05","modified_gmt":"2020-05-14T03:28:05","slug":"50-anos-cumple-conaf-al-cuidado-y-proteccion-de-los-recursos-naturales-de-chile-%ef%bb%bf","status":"publish","type":"post","link":"https:\/\/temucotelevision.cl\/web\/2020\/05\/14\/50-anos-cumple-conaf-al-cuidado-y-proteccion-de-los-recursos-naturales-de-chile-%ef%bb%bf\/","title":{"rendered":"50 a\u00f1os cumple CONAF al cuidado y protecci\u00f3n de los recursos naturales de Chile \ufeff"},"content":{"rendered":"<div class=\"pvc_clear\"><\/div><p id=\"pvc_stats_10410\" class=\"pvc_stats total_only  \" data-element-id=\"10410\" style=\"\"><i class=\"pvc-stats-icon large\" aria-hidden=\"true\"><svg aria-hidden=\"true\" focusable=\"false\" data-prefix=\"far\" data-icon=\"chart-bar\" role=\"img\" xmlns=\"http:\/\/www.w3.org\/2000\/svg\" viewBox=\"0 0 512 512\" class=\"svg-inline--fa fa-chart-bar fa-w-16 fa-2x\"><path fill=\"currentColor\" d=\"M396.8 352h22.4c6.4 0 12.8-6.4 12.8-12.8V108.8c0-6.4-6.4-12.8-12.8-12.8h-22.4c-6.4 0-12.8 6.4-12.8 12.8v230.4c0 6.4 6.4 12.8 12.8 12.8zm-192 0h22.4c6.4 0 12.8-6.4 12.8-12.8V140.8c0-6.4-6.4-12.8-12.8-12.8h-22.4c-6.4 0-12.8 6.4-12.8 12.8v198.4c0 6.4 6.4 12.8 12.8 12.8zm96 0h22.4c6.4 0 12.8-6.4 12.8-12.8V204.8c0-6.4-6.4-12.8-12.8-12.8h-22.4c-6.4 0-12.8 6.4-12.8 12.8v134.4c0 6.4 6.4 12.8 12.8 12.8zM496 400H48V80c0-8.84-7.16-16-16-16H16C7.16 64 0 71.16 0 80v336c0 17.67 14.33 32 32 32h464c8.84 0 16-7.16 16-16v-16c0-8.84-7.16-16-16-16zm-387.2-48h22.4c6.4 0 12.8-6.4 12.8-12.8v-70.4c0-6.4-6.4-12.8-12.8-12.8h-22.4c-6.4 0-12.8 6.4-12.8 12.8v70.4c0 6.4 6.4 12.8 12.8 12.8z\" class=\"\"><\/path><\/svg><\/i> <img loading=\"lazy\" decoding=\"async\" width=\"16\" height=\"16\" alt=\"Loading\" src=\"https:\/\/temucotelevision.cl\/web\/wp-content\/plugins\/page-views-count\/ajax-loader-2x.gif\" border=0 \/><\/p><div class=\"pvc_clear\"><\/div>\n<p><em>Un 13 de mayo de 1970 se crea la Corporaci\u00f3n de Reforestaci\u00f3n que posteriormente cambia de nombre a Corporaci\u00f3n Nacional Forestal.<\/em><\/p>\n\n\n\n<p>Con una&nbsp;visita a&nbsp;la Central de Operaciones de CONAF, Boldo 1, el intendente&nbsp;V\u00edctor&nbsp;Manoli,&nbsp;&nbsp;junto al seremi de Agricultura&nbsp;Ricardo&nbsp;Senn&nbsp;y el director de CONAF Araucan\u00eda&nbsp;Julio Figueroa&nbsp;entregaron&nbsp;un saludo&nbsp;en su aniversario 50\u00b0&nbsp;a Brigadistas&nbsp;de combate de incendios forestales&nbsp;y v\u00eda&nbsp;on&nbsp;line&nbsp;a&nbsp;funcionarios&nbsp;distribuidos en toda&nbsp;la regi\u00f3n.&nbsp;&nbsp;<\/p>\n\n\n\n<p>El intendente&nbsp;V\u00edctor&nbsp;Manoli&nbsp;se\u00f1alo que,&nbsp;\u201che querido estar presente hoy para entregar un saludo en este aniversario 50 de CONAF y al mismo tiempo agradecer a las brigadas forestales por el gran trabajo que desarrollaron, destacando la historia tanto en el combate de incendios, como tambi\u00e9n,&nbsp;la de&nbsp;todos los trabajadores de&nbsp;CONAF&nbsp;que se encuentran desplegados en la regi\u00f3n&nbsp;que muestra&nbsp;el gran trabajo que desarrollan\u201d.&nbsp;<\/p>\n\n\n\n<p>Para el&nbsp;Seremi de Agricultura, Ricardo&nbsp;Senn,&nbsp;\u201cel poder tener la presencia de una brigada forestal y la conexi\u00f3n en l\u00ednea con los funcionarios de la regi\u00f3n, demuestran el compromiso&nbsp;del Ministerio de Agricultura, por eso hemos estado aqu\u00ed en los 50 a\u00f1os de una instituci\u00f3n querida, valorada por todos los chilenos que protege nuestro patrimonio natural\u201d&nbsp;<\/p>\n\n\n\n<p>\u201cHoy&nbsp;d\u00eda&nbsp;estamos celebrando 50 a\u00f1os al servicio&nbsp;del bosque&nbsp;y la naturaleza&nbsp;para cumplir con nuestra misi\u00f3n, el manejo sustentable de los bosques, el fomento y la fiscalizaci\u00f3n forestal y ambiental, la protecci\u00f3n de los recursos naturales, a trav\u00e9s de la prevenci\u00f3n y control de incendios forestales y la administraci\u00f3n de 13 unidades de \u00e1reas silvestres protegidas y en este sentido tenemos un gran compromiso con la regi\u00f3n y su potencial de fomento forestal as\u00ed como tambi\u00e9n del turismo como ejes del Plan Impulso\u201d destaco el director regional de CONAF Julio Figueroa.&nbsp;<\/p>\n\n\n\n<p>La Corporaci\u00f3n Nacional Forestal en estos 50 a\u00f1os, ha sido actor clave al desarrollo forestal de la regi\u00f3n y el pa\u00eds, en la d\u00e9cada del 701&nbsp;con aserraderos destinados en la zona&nbsp;precordillera&nbsp;generando empleo y desarrollo en todas esas comunas, as\u00ed como liderar la puesta en marcha del decreto 701, asumir la administraci\u00f3n de las \u00e1reas silvestres protegidas de Chile e implementar el programa de combate de incendios forestales.&nbsp;&nbsp;<\/p>\n\n\n\n<p>En la d\u00e9cada de los 80 CONAF evoluciona y a esa altura ya no trabaja con aserraderos e inicia su labor a fomentar el manejo forestal, en esa d\u00e9cada CONAF levanta infraestructuras dentro de las&nbsp;\u00e1reas&nbsp;silvestres&nbsp;para comenzar a abrir los parques nacionales a turistas con un servicio acorde a la \u00e9poca, donde la accesibilidad era muy compleja, En cuanto a Incendios forestales CONAF establece sistemas de combate de incendios forestales y comienza a establecer alianzas con otros actores del sector, en el \u00e1mbito forestal se establecen programas de forestaci\u00f3n campesina dando empleo a las zonas rurales&nbsp;<\/p>\n\n\n\n<p>En la d\u00e9cada de los 90, moderniza sus&nbsp;procedimientos&nbsp;y vuelca su&nbsp;orientaci\u00f3n al fomento y protecci\u00f3n del bosque nativo, impulsando el proyecto de ley, en incendios forestales ya formaliza alianzas con otros pa\u00edses y comienza el intercambio de profesionales con el fin de mejorar la labor, las a\u00e9reas silvestres comienzan a tener un incremento y aparecen de forma clara los primeros efectos del cambio clim\u00e1tico por lo que se comienza a establecer trabajos para combatir la desertificaci\u00f3n y erosi\u00f3n de la tierra.&nbsp;<\/p>\n\n\n\n<p>Ya en la d\u00e9cada del 2000, el inter\u00e9s por los parques nacionales se incrementa&nbsp;as\u00ed&nbsp;como tambi\u00e9n el inter\u00e9s por desarrollar distintos proyectos tur\u00edsticos en torno a ellos, se aprueba la ley de bosque&nbsp;nativo&nbsp;que viene a dar un nuevo impulso a el manejo y protecci\u00f3n de este recursos originario, se estrechan las alianzas con otras empresas y se trabaja ya en una sociedad de protecci\u00f3n en la&nbsp;Araucan\u00eda.&nbsp;<\/p>\n\n\n\n<p>La d\u00e9cada del 2010&nbsp;el cambio clim\u00e1tico establece nuevos desaf\u00edos por lo que se implementa una estrategia nacional y cada rama de la instituci\u00f3n se reorienta en funci\u00f3n de combatir el cambio clim\u00e1tico en el pa\u00eds, se enfrentan incendios de magnitud, lo que hace que CONAF&nbsp;comience a reformular sus procedimientos de combate de incendios, as\u00ed como tambi\u00e9n asume la creaci\u00f3n y ampliaci\u00f3n de las \u00e1reas silvestres del&nbsp;pa\u00eds.&nbsp;&nbsp;&nbsp;<\/p>\n\n\n\n<p>Por&nbsp;\u00faltimo, el Director de&nbsp;CONAF&nbsp;se\u00f1alo que entre los desaf\u00edos que vienen&nbsp;a futuro&nbsp;se encuentra el poder&nbsp;transformar&nbsp;a la&nbsp;Corporaci\u00f3n Nacional Forestal,&nbsp;&nbsp;en el Servicio Forestal de Chile.&nbsp;<\/p>\n","protected":false},"excerpt":{"rendered":"<div class=\"pvc_clear\"><\/div>\n<p id=\"pvc_stats_10410\" class=\"pvc_stats total_only  \" data-element-id=\"10410\" style=\"\"><i class=\"pvc-stats-icon large\" aria-hidden=\"true\"><svg aria-hidden=\"true\" focusable=\"false\" data-prefix=\"far\" data-icon=\"chart-bar\" role=\"img\" xmlns=\"http:\/\/www.w3.org\/2000\/svg\" viewBox=\"0 0 512 512\" class=\"svg-inline--fa fa-chart-bar fa-w-16 fa-2x\"><path fill=\"currentColor\" d=\"M396.8 352h22.4c6.4 0 12.8-6.4 12.8-12.8V108.8c0-6.4-6.4-12.8-12.8-12.8h-22.4c-6.4 0-12.8 6.4-12.8 12.8v230.4c0 6.4 6.4 12.8 12.8 12.8zm-192 0h22.4c6.4 0 12.8-6.4 12.8-12.8V140.8c0-6.4-6.4-12.8-12.8-12.8h-22.4c-6.4 0-12.8 6.4-12.8 12.8v198.4c0 6.4 6.4 12.8 12.8 12.8zm96 0h22.4c6.4 0 12.8-6.4 12.8-12.8V204.8c0-6.4-6.4-12.8-12.8-12.8h-22.4c-6.4 0-12.8 6.4-12.8 12.8v134.4c0 6.4 6.4 12.8 12.8 12.8zM496 400H48V80c0-8.84-7.16-16-16-16H16C7.16 64 0 71.16 0 80v336c0 17.67 14.33 32 32 32h464c8.84 0 16-7.16 16-16v-16c0-8.84-7.16-16-16-16zm-387.2-48h22.4c6.4 0 12.8-6.4 12.8-12.8v-70.4c0-6.4-6.4-12.8-12.8-12.8h-22.4c-6.4 0-12.8 6.4-12.8 12.8v70.4c0 6.4 6.4 12.8 12.8 12.8z\" class=\"\"><\/path><\/svg><\/i> <img loading=\"lazy\" decoding=\"async\" width=\"16\" height=\"16\" alt=\"Loading\" src=\"https:\/\/temucotelevision.cl\/web\/wp-content\/plugins\/page-views-count\/ajax-loader-2x.gif\" border=0 \/><\/p>\n<div class=\"pvc_clear\"><\/div>\n<p>Un 13 de mayo de 1970 se crea la Corporaci\u00f3n de Reforestaci\u00f3n que posteriormente cambia de nombre a Corporaci\u00f3n Nacional<\/p>\n","protected":false},"author":1,"featured_media":10411,"comment_status":"open","ping_status":"open","sticky":false,"template":"","format":"standard","meta":{"colormag_page_container_layout":"default_layout","colormag_page_sidebar_layout":"default_layout","footnotes":""},"categories":[14],"tags":[423,425],"class_list":["post-10410","post","type-post","status-publish","format-standard","has-post-thumbnail","hentry","category-temuco","tag-brigadistas","tag-conaf"],"a3_pvc":{"activated":true,"total_views":84,"today_views":0},"_links":{"self":[{"href":"https:\/\/temucotelevision.cl\/web\/wp-json\/wp\/v2\/posts\/10410","targetHints":{"allow":["GET"]}}],"collection":[{"href":"https:\/\/temucotelevision.cl\/web\/wp-json\/wp\/v2\/posts"}],"about":[{"href":"https:\/\/temucotelevision.cl\/web\/wp-json\/wp\/v2\/types\/post"}],"author":[{"embeddable":true,"href":"https:\/\/temucotelevision.cl\/web\/wp-json\/wp\/v2\/users\/1"}],"replies":[{"embeddable":true,"href":"https:\/\/temucotelevision.cl\/web\/wp-json\/wp\/v2\/comments?post=10410"}],"version-history":[{"count":1,"href":"https:\/\/temucotelevision.cl\/web\/wp-json\/wp\/v2\/posts\/10410\/revisions"}],"predecessor-version":[{"id":10412,"href":"https:\/\/temucotelevision.cl\/web\/wp-json\/wp\/v2\/posts\/10410\/revisions\/10412"}],"wp:featuredmedia":[{"embeddable":true,"href":"https:\/\/temucotelevision.cl\/web\/wp-json\/wp\/v2\/media\/10411"}],"wp:attachment":[{"href":"https:\/\/temucotelevision.cl\/web\/wp-json\/wp\/v2\/media?parent=10410"}],"wp:term":[{"taxonomy":"category","embeddable":true,"href":"https:\/\/temucotelevision.cl\/web\/wp-json\/wp\/v2\/categories?post=10410"},{"taxonomy":"post_tag","embeddable":true,"href":"https:\/\/temucotelevision.cl\/web\/wp-json\/wp\/v2\/tags?post=10410"}],"curies":[{"name":"wp","href":"https:\/\/api.w.org\/{rel}","templated":true}]}}