{"id":10406,"date":"2020-05-14T00:17:29","date_gmt":"2020-05-14T03:17:29","guid":{"rendered":"https:\/\/temucotelevision.cl\/web\/?p=10406"},"modified":"2020-05-14T00:18:15","modified_gmt":"2020-05-14T03:18:15","slug":"complejo-asistencial-de-padre-las-casas-conmemoro-por-primera-vez-el-dia-internacional-de-la-enfermeria-en-medio-de-la-crisis-sanitaria-por-covid-19","status":"publish","type":"post","link":"https:\/\/temucotelevision.cl\/web\/2020\/05\/14\/complejo-asistencial-de-padre-las-casas-conmemoro-por-primera-vez-el-dia-internacional-de-la-enfermeria-en-medio-de-la-crisis-sanitaria-por-covid-19\/","title":{"rendered":"Complejo Asistencial de Padre las Casas conmemor\u00f3 por primera vez el D\u00eda Internacional de la Enfermer\u00eda en medio de la crisis sanitaria por COVID 19"},"content":{"rendered":"<div class=\"pvc_clear\"><\/div><p id=\"pvc_stats_10406\" class=\"pvc_stats total_only  \" data-element-id=\"10406\" style=\"\"><i class=\"pvc-stats-icon large\" aria-hidden=\"true\"><svg aria-hidden=\"true\" focusable=\"false\" data-prefix=\"far\" data-icon=\"chart-bar\" role=\"img\" xmlns=\"http:\/\/www.w3.org\/2000\/svg\" viewBox=\"0 0 512 512\" class=\"svg-inline--fa fa-chart-bar fa-w-16 fa-2x\"><path fill=\"currentColor\" d=\"M396.8 352h22.4c6.4 0 12.8-6.4 12.8-12.8V108.8c0-6.4-6.4-12.8-12.8-12.8h-22.4c-6.4 0-12.8 6.4-12.8 12.8v230.4c0 6.4 6.4 12.8 12.8 12.8zm-192 0h22.4c6.4 0 12.8-6.4 12.8-12.8V140.8c0-6.4-6.4-12.8-12.8-12.8h-22.4c-6.4 0-12.8 6.4-12.8 12.8v198.4c0 6.4 6.4 12.8 12.8 12.8zm96 0h22.4c6.4 0 12.8-6.4 12.8-12.8V204.8c0-6.4-6.4-12.8-12.8-12.8h-22.4c-6.4 0-12.8 6.4-12.8 12.8v134.4c0 6.4 6.4 12.8 12.8 12.8zM496 400H48V80c0-8.84-7.16-16-16-16H16C7.16 64 0 71.16 0 80v336c0 17.67 14.33 32 32 32h464c8.84 0 16-7.16 16-16v-16c0-8.84-7.16-16-16-16zm-387.2-48h22.4c6.4 0 12.8-6.4 12.8-12.8v-70.4c0-6.4-6.4-12.8-12.8-12.8h-22.4c-6.4 0-12.8 6.4-12.8 12.8v70.4c0 6.4 6.4 12.8 12.8 12.8z\" class=\"\"><\/path><\/svg><\/i> <img loading=\"lazy\" decoding=\"async\" width=\"16\" height=\"16\" alt=\"Loading\" src=\"https:\/\/temucotelevision.cl\/web\/wp-content\/plugins\/page-views-count\/ajax-loader-2x.gif\" border=0 \/><\/p><div class=\"pvc_clear\"><\/div>\n<p><strong>Con gran solemnidad y tomando todas las precauciones sanitarias para evitar eventuales contagios por COVID 19, el Complejo Asistencial de Padre las Casas conmemor\u00f3 por primera vez el D\u00eda Internacional de la Enfermer\u00eda.<\/strong><\/p>\n\n\n\n<p>La breve, pero significativa ceremonia, se inici\u00f3 pasadas las 10:00 horas y en la ocasi\u00f3n, el director del establecimiento, Dr. Christian Nilo Schultz, agradeci\u00f3 al personal de enfermer\u00eda por su gran trabajo y esfuerzo para apoyar la apertura adelantada en m\u00e1s de 4 meses del Complejo Asistencial en el contexto de la crisis sanitaria provocada por el Coronavirus con el recuerdo y ejemplo de Florence Nightingale, considerada la precursora de la enfermer\u00eda moderna.&nbsp;<\/p>\n\n\n\n<p>De acuerdo al directivo, el mensaje de Florences Nigthingale -precursora de la enfermer\u00eda moderna- es de gran relevancia hoy, a 200 a\u00f1os de su nacimiento y m\u00e1s a\u00fan en el A\u00f1o de la En fermer\u00eda, tal como fue decretado el 2020 por la OMS. \u201cen el contexto del Covid cobra mayor importancia celebrar esto porque el mensaje de Florence, fue bastante importante, tuvo bastante impacto y lejos fue una de las intervenciones que tuvo una disminuci\u00f3n m\u00e1s importante en la mortalidad de las personas y de los enfermos, cuando ella insisti\u00f3 que el lavado de manos, que es lo que estamos ahora luchando en pleno covid, era lo que hac\u00eda la diferencia entre la enfermedad y la salud, entre estar enfermo y morir\u201d.&nbsp;<\/p>\n\n\n\n<p>Sostuvo que \u201cla enfermer\u00eda claramente ha cambiado en estos 200 a\u00f1os, cumple otros roles, pero se sigue manteniendo el esp\u00edritu de Florence, cl\u00ednico al lado del paciente, entendiendo que el cuidado debe tener una continuidad y las enfermeras son las que mantienen continuidad del cuidado. Somos un equipo enfermas, m\u00e9dicos y todos los otros profesionales y no profesionales que trabajan en salud y las enfermeras por supuesto que tienen un puesto relevante dentro de este equipo, pero nosotros funcionamos como equipo en este hospital y ese es el llamado.\u201d&nbsp;&nbsp;&nbsp;<\/p>\n\n\n\n<p>Lorena Retamal, enfermera coordinadora de la Gesti\u00f3n del Cuidado del establecimiento, manifest\u00f3 que \u201cen el contexto de la Pandemia, nosotros hemos vuelto a nuestra esencia que es el cuidar. La verdad es que, en esta puesta en marcha del hospital, ya adelantada casi 4 meses, estamos dando una respuesta a lo que es la demanda de la poblaci\u00f3n\u201d. La profesional agreg\u00f3 que \u201cesta pandemia, nos hace reflexionar y volver al ADN de enfermer\u00eda que significa cuidar a nuestra familia, a nuestro pr\u00f3jimo, nuestro hermano o nuestro usuario y nuestro equipo de trabajo, porque si no nos cuidamos no vamos a poder entregar la atenci\u00f3n de la demanda, que hoy d\u00eda nos exige la comunidad\u201d.&nbsp; &nbsp;&nbsp;&nbsp;&nbsp;&nbsp;&nbsp;&nbsp;&nbsp;&nbsp;&nbsp;&nbsp;&nbsp;&nbsp;&nbsp;&nbsp;&nbsp;&nbsp;&nbsp;&nbsp;&nbsp;&nbsp;&nbsp;&nbsp;&nbsp;<\/p>\n\n\n\n<p>Para Felipe Paredes, enfermero supervisor de Pabell\u00f3n Central y Recuperaci\u00f3n, es tremendamente significativo este d\u00eda, \u201cPrimero porque soy enfermero y segundo porque que la OMS declar\u00f3 este a\u00f1o como el a\u00f1o de la enfermer\u00eda, sin pensar que \u00edbamos a enfrentarnos a algo tan desafiante como la pandemia que estamos viviendo\u201d.&nbsp;<\/p>\n\n\n\n<p>Finalmente, Mirna Aguilar, enfermera supervisora de esterilizaci\u00f3n del Complejo Asistencial Padre Las Casas, sostuvo que \u201cestar presente en este desaf\u00edo es vocaci\u00f3n, esp\u00edritu de servicio. El cuidado de nuestros pacientes, sin duda est\u00e1 en nuestro ADN como enfermeros. El desaf\u00edo en este complejo es a\u00fan mayor, estamos habilitando un hospital nuevo desde cero. Somos una pieza fundamental, as\u00ed como todos los equipos y todos los estamentos en la gesti\u00f3n, en la administraci\u00f3n y en el cuidado de nuestros pacientes, en la humanizaci\u00f3n que es tan importante\u201d.<\/p>\n\n\n\n<p>En la jornada, un espacio preponderante estuvo dirigido a algunos funcionarios de enfermer\u00eda, quienes recibieron reconocimientos de sus jefaturas y de los directivos de la instituci\u00f3n sanitaria, para concluir con la primera fotograf\u00eda conjunta del estamento, en el frontis del recinto asistencial. Los enfermeros reconocidos fueron: Alejandra Vilugr\u00f3n, enfermera de Calidad y Seguridad de la Atenci\u00f3n; Mirna Aguilar, supervisora de Esterilizaci\u00f3n; Felipe Paredes, Supervisor de Pabell\u00f3n; Paz Salazar, supervisora M\u00e9dico Quir\u00fargico Indiferenciado y Fabian Sep\u00falveda, supervisor UPC. Por su parte el director entreg\u00f3 un reconocimiento sorpresa a la enfermera coordinadora Lorena Retamal.&nbsp;<\/p>\n\n\n\n<p><\/p>\n","protected":false},"excerpt":{"rendered":"<div class=\"pvc_clear\"><\/div>\n<p id=\"pvc_stats_10406\" class=\"pvc_stats total_only  \" data-element-id=\"10406\" style=\"\"><i class=\"pvc-stats-icon large\" aria-hidden=\"true\"><svg aria-hidden=\"true\" focusable=\"false\" data-prefix=\"far\" data-icon=\"chart-bar\" role=\"img\" xmlns=\"http:\/\/www.w3.org\/2000\/svg\" viewBox=\"0 0 512 512\" class=\"svg-inline--fa fa-chart-bar fa-w-16 fa-2x\"><path fill=\"currentColor\" d=\"M396.8 352h22.4c6.4 0 12.8-6.4 12.8-12.8V108.8c0-6.4-6.4-12.8-12.8-12.8h-22.4c-6.4 0-12.8 6.4-12.8 12.8v230.4c0 6.4 6.4 12.8 12.8 12.8zm-192 0h22.4c6.4 0 12.8-6.4 12.8-12.8V140.8c0-6.4-6.4-12.8-12.8-12.8h-22.4c-6.4 0-12.8 6.4-12.8 12.8v198.4c0 6.4 6.4 12.8 12.8 12.8zm96 0h22.4c6.4 0 12.8-6.4 12.8-12.8V204.8c0-6.4-6.4-12.8-12.8-12.8h-22.4c-6.4 0-12.8 6.4-12.8 12.8v134.4c0 6.4 6.4 12.8 12.8 12.8zM496 400H48V80c0-8.84-7.16-16-16-16H16C7.16 64 0 71.16 0 80v336c0 17.67 14.33 32 32 32h464c8.84 0 16-7.16 16-16v-16c0-8.84-7.16-16-16-16zm-387.2-48h22.4c6.4 0 12.8-6.4 12.8-12.8v-70.4c0-6.4-6.4-12.8-12.8-12.8h-22.4c-6.4 0-12.8 6.4-12.8 12.8v70.4c0 6.4 6.4 12.8 12.8 12.8z\" class=\"\"><\/path><\/svg><\/i> <img loading=\"lazy\" decoding=\"async\" width=\"16\" height=\"16\" alt=\"Loading\" src=\"https:\/\/temucotelevision.cl\/web\/wp-content\/plugins\/page-views-count\/ajax-loader-2x.gif\" border=0 \/><\/p>\n<div class=\"pvc_clear\"><\/div>\n<p>Con gran solemnidad y tomando todas las precauciones sanitarias para evitar eventuales contagios por COVID 19, el Complejo Asistencial de<\/p>\n","protected":false},"author":1,"featured_media":10408,"comment_status":"open","ping_status":"open","sticky":false,"template":"","format":"standard","meta":{"colormag_page_container_layout":"default_layout","colormag_page_sidebar_layout":"default_layout","footnotes":""},"categories":[15],"tags":[],"class_list":["post-10406","post","type-post","status-publish","format-standard","has-post-thumbnail","hentry","category-la-araucania"],"a3_pvc":{"activated":true,"total_views":48,"today_views":0},"_links":{"self":[{"href":"https:\/\/temucotelevision.cl\/web\/wp-json\/wp\/v2\/posts\/10406","targetHints":{"allow":["GET"]}}],"collection":[{"href":"https:\/\/temucotelevision.cl\/web\/wp-json\/wp\/v2\/posts"}],"about":[{"href":"https:\/\/temucotelevision.cl\/web\/wp-json\/wp\/v2\/types\/post"}],"author":[{"embeddable":true,"href":"https:\/\/temucotelevision.cl\/web\/wp-json\/wp\/v2\/users\/1"}],"replies":[{"embeddable":true,"href":"https:\/\/temucotelevision.cl\/web\/wp-json\/wp\/v2\/comments?post=10406"}],"version-history":[{"count":2,"href":"https:\/\/temucotelevision.cl\/web\/wp-json\/wp\/v2\/posts\/10406\/revisions"}],"predecessor-version":[{"id":10409,"href":"https:\/\/temucotelevision.cl\/web\/wp-json\/wp\/v2\/posts\/10406\/revisions\/10409"}],"wp:featuredmedia":[{"embeddable":true,"href":"https:\/\/temucotelevision.cl\/web\/wp-json\/wp\/v2\/media\/10408"}],"wp:attachment":[{"href":"https:\/\/temucotelevision.cl\/web\/wp-json\/wp\/v2\/media?parent=10406"}],"wp:term":[{"taxonomy":"category","embeddable":true,"href":"https:\/\/temucotelevision.cl\/web\/wp-json\/wp\/v2\/categories?post=10406"},{"taxonomy":"post_tag","embeddable":true,"href":"https:\/\/temucotelevision.cl\/web\/wp-json\/wp\/v2\/tags?post=10406"}],"curies":[{"name":"wp","href":"https:\/\/api.w.org\/{rel}","templated":true}]}}