{"id":10401,"date":"2020-05-13T15:48:25","date_gmt":"2020-05-13T18:48:25","guid":{"rendered":"https:\/\/temucotelevision.cl\/web\/?p=10401"},"modified":"2020-05-13T15:48:31","modified_gmt":"2020-05-13T18:48:31","slug":"senadora-aravena-solicito-reconsiderar-resolucion-que-prohibe-atencion-odontologica-en-la-araucania","status":"publish","type":"post","link":"https:\/\/temucotelevision.cl\/web\/2020\/05\/13\/senadora-aravena-solicito-reconsiderar-resolucion-que-prohibe-atencion-odontologica-en-la-araucania\/","title":{"rendered":"Senadora Aravena solicit\u00f3 reconsiderar resoluci\u00f3n que proh\u00edbe atenci\u00f3n odontol\u00f3gica en La Araucan\u00eda"},"content":{"rendered":"<div class=\"pvc_clear\"><\/div><p id=\"pvc_stats_10401\" class=\"pvc_stats total_only  \" data-element-id=\"10401\" style=\"\"><i class=\"pvc-stats-icon large\" aria-hidden=\"true\"><svg aria-hidden=\"true\" focusable=\"false\" data-prefix=\"far\" data-icon=\"chart-bar\" role=\"img\" xmlns=\"http:\/\/www.w3.org\/2000\/svg\" viewBox=\"0 0 512 512\" class=\"svg-inline--fa fa-chart-bar fa-w-16 fa-2x\"><path fill=\"currentColor\" d=\"M396.8 352h22.4c6.4 0 12.8-6.4 12.8-12.8V108.8c0-6.4-6.4-12.8-12.8-12.8h-22.4c-6.4 0-12.8 6.4-12.8 12.8v230.4c0 6.4 6.4 12.8 12.8 12.8zm-192 0h22.4c6.4 0 12.8-6.4 12.8-12.8V140.8c0-6.4-6.4-12.8-12.8-12.8h-22.4c-6.4 0-12.8 6.4-12.8 12.8v198.4c0 6.4 6.4 12.8 12.8 12.8zm96 0h22.4c6.4 0 12.8-6.4 12.8-12.8V204.8c0-6.4-6.4-12.8-12.8-12.8h-22.4c-6.4 0-12.8 6.4-12.8 12.8v134.4c0 6.4 6.4 12.8 12.8 12.8zM496 400H48V80c0-8.84-7.16-16-16-16H16C7.16 64 0 71.16 0 80v336c0 17.67 14.33 32 32 32h464c8.84 0 16-7.16 16-16v-16c0-8.84-7.16-16-16-16zm-387.2-48h22.4c6.4 0 12.8-6.4 12.8-12.8v-70.4c0-6.4-6.4-12.8-12.8-12.8h-22.4c-6.4 0-12.8 6.4-12.8 12.8v70.4c0 6.4 6.4 12.8 12.8 12.8z\" class=\"\"><\/path><\/svg><\/i> <img loading=\"lazy\" decoding=\"async\" width=\"16\" height=\"16\" alt=\"Loading\" src=\"https:\/\/temucotelevision.cl\/web\/wp-content\/plugins\/page-views-count\/ajax-loader-2x.gif\" border=0 \/><\/p><div class=\"pvc_clear\"><\/div>\n<p><br><em>Tras reunirse con profesionales del \u00e1rea, la parlamentaria envi\u00f3 un oficio a la Subsecretar\u00eda de Salud P\u00fablica, pidiendo se revise la determinaci\u00f3n.<\/em><\/p>\n\n\n\n<p>Luego de diversas reuniones virtuales con profesionales del \u00e1rea odontol\u00f3gica, la senadora Carmen Gloria Aravena solicit\u00f3 mediante un oficio a la Subsecretaria de Salud P\u00fablica, Paula Daza, poder reconsiderar la Resoluci\u00f3n Exenta que desde el 2 de abril proh\u00edbe las atenciones odontol\u00f3gicas, salvo aquellas calificadas de urgencia, en la regi\u00f3n de La Araucan\u00eda.<\/p>\n\n\n\n<p>La parlamentaria explic\u00f3 que, producto del temor ante eventuales brotes de contagio de Covid-19 que pod\u00eda implicar la atenci\u00f3n dental, el Cap\u00edtulo Regional de Odont\u00f3logos de La Araucan\u00eda pidi\u00f3 mediante una carta al Seremi de Salud, que pudiese evaluar la suspensi\u00f3n temporal de dichas atenciones, solicitud que fue aceptada por la autoridad subrogante de la cartera, quien emiti\u00f3 la resoluci\u00f3n exenta N\u00b0 J1-1649, v\u00e1lida hasta el 31 de Diciembre de 2020.<\/p>\n\n\n\n<p>\u201cEntendemos que ante la emergencia sanitaria se haya solicitado esta resoluci\u00f3n como medida de prevenci\u00f3n, pero es necesario comprender el contexto de la determinaci\u00f3n, la cual fue tomada por parte de la autoridad sanitaria cuando en la regi\u00f3n ten\u00edamos a gran parte del gabinete regional contagiado. No obstante, hoy en d\u00eda esta prohibici\u00f3n de funcionamiento es contraproducente para cientos de pacientes que han dejado a medias sus tratamientos, por lo que mediante un oficio hemos pedido a la Subsecretaria poder reconsiderar esta medida\u201d, sostuvo Aravena.<\/p>\n\n\n\n<p>Asimismo, la senadora (Independiente pro RN) indic\u00f3 que fue informada respecto a la solicitud realizada por la autoridad sanitaria regional a nivel central, de manera que se pueda revertir esta situaci\u00f3n, dado que la comuna de Temuco no se encuentra actualmente en cuarentena y que otras regiones no tuvieron que implementar tal determinaci\u00f3n.<\/p>\n\n\n\n<p>Por su parte, un grupo de laboratoristas dentales de Temuco, expusieron que de manera preventiva muchos cerraron a partir del 15 de marzo, pensando que podr\u00edan volver a funcionar una vez que se establecieran los protocolos necesarios. Sin embargo, llevan casi dos meses sin percibir ingresos, por lo que la situaci\u00f3n para ellos se vuelve insostenible.<\/p>\n\n\n\n<p>\u201cSomos un grupo de m\u00e1s de 30 due\u00f1os de laboratorios que nos hemos visto muy complicados, sin poder pagar sueldos y ni siquiera gastos b\u00e1sicos. La inversi\u00f3n que uno hace no es menor, estamos hablando de equipos que incluso sobrepasan los 100 millones de pesos. Estamos dispuestos a seguir todos los protocolos, siempre lo hemos hecho, pero necesitamos volver a funcionar a la brevedad. Adem\u00e1s de poder acceder a apoyo econ\u00f3mico por parte del Gobierno, por lo cual agradecemos la orientaci\u00f3n que nos ha otorgado la senadora\u201d, indic\u00f3 Macarena Huentemilla, Laboratorista Dental de Temuco.<\/p>\n\n\n\n<p>Cabe se\u00f1alar, que el 30 de abril pasado, se llev\u00f3 a cabo la primera reuni\u00f3n de una mesa de trabajo entre la Seremi de Salud y Odont\u00f3logos de Temuco, donde los profesionales plantearon sus inquietudes, puesto que existen un sinn\u00famero de casos en que los tratamientos requieren supervisi\u00f3n por parte del profesional, pues son procedimientos impostergables que pueden conllevar complicaciones a la salud de los pacientes.<\/p>\n\n\n\n<p>\u201cLa mayor\u00eda de las cl\u00ednicas son microempresas, donde no s\u00f3lo se ve afectado el odont\u00f3logo, sino tambi\u00e9n asistentes dentales, higienistas, personal administrativo y de mantenci\u00f3n. Adem\u00e1s, laboratorios, proveedores y empresas ligadas al rubro se han visto afectadas por el cierre de las consultas. Lamentablemente, se ha creado una especie de demonizaci\u00f3n de la profesi\u00f3n, lo que no es justo, puesto que los odont\u00f3logos por formaci\u00f3n estamos familiarizados con las medidas de protecci\u00f3n y bioseguridad, por lo que existe un fehaciente compromiso por parte del gremio para seguir los protocolos necesarios\u201d, se\u00f1al\u00f3 el dentista colegiado Benjam\u00edn Weber.<\/p>\n","protected":false},"excerpt":{"rendered":"<div class=\"pvc_clear\"><\/div>\n<p id=\"pvc_stats_10401\" class=\"pvc_stats total_only  \" data-element-id=\"10401\" style=\"\"><i class=\"pvc-stats-icon large\" aria-hidden=\"true\"><svg aria-hidden=\"true\" focusable=\"false\" data-prefix=\"far\" data-icon=\"chart-bar\" role=\"img\" xmlns=\"http:\/\/www.w3.org\/2000\/svg\" viewBox=\"0 0 512 512\" class=\"svg-inline--fa fa-chart-bar fa-w-16 fa-2x\"><path fill=\"currentColor\" d=\"M396.8 352h22.4c6.4 0 12.8-6.4 12.8-12.8V108.8c0-6.4-6.4-12.8-12.8-12.8h-22.4c-6.4 0-12.8 6.4-12.8 12.8v230.4c0 6.4 6.4 12.8 12.8 12.8zm-192 0h22.4c6.4 0 12.8-6.4 12.8-12.8V140.8c0-6.4-6.4-12.8-12.8-12.8h-22.4c-6.4 0-12.8 6.4-12.8 12.8v198.4c0 6.4 6.4 12.8 12.8 12.8zm96 0h22.4c6.4 0 12.8-6.4 12.8-12.8V204.8c0-6.4-6.4-12.8-12.8-12.8h-22.4c-6.4 0-12.8 6.4-12.8 12.8v134.4c0 6.4 6.4 12.8 12.8 12.8zM496 400H48V80c0-8.84-7.16-16-16-16H16C7.16 64 0 71.16 0 80v336c0 17.67 14.33 32 32 32h464c8.84 0 16-7.16 16-16v-16c0-8.84-7.16-16-16-16zm-387.2-48h22.4c6.4 0 12.8-6.4 12.8-12.8v-70.4c0-6.4-6.4-12.8-12.8-12.8h-22.4c-6.4 0-12.8 6.4-12.8 12.8v70.4c0 6.4 6.4 12.8 12.8 12.8z\" class=\"\"><\/path><\/svg><\/i> <img loading=\"lazy\" decoding=\"async\" width=\"16\" height=\"16\" alt=\"Loading\" src=\"https:\/\/temucotelevision.cl\/web\/wp-content\/plugins\/page-views-count\/ajax-loader-2x.gif\" border=0 \/><\/p>\n<div class=\"pvc_clear\"><\/div>\n<p>Tras reunirse con profesionales del \u00e1rea, la parlamentaria envi\u00f3 un oficio a la Subsecretar\u00eda de Salud P\u00fablica, pidiendo se revise<\/p>\n","protected":false},"author":1,"featured_media":10400,"comment_status":"open","ping_status":"open","sticky":false,"template":"","format":"standard","meta":{"colormag_page_container_layout":"default_layout","colormag_page_sidebar_layout":"default_layout","footnotes":""},"categories":[84],"tags":[2477,2478,2312],"class_list":["post-10401","post","type-post","status-publish","format-standard","has-post-thumbnail","hentry","category-politica","tag-dentistas","tag-odontologia","tag-pandemia"],"a3_pvc":{"activated":true,"total_views":28,"today_views":0},"_links":{"self":[{"href":"https:\/\/temucotelevision.cl\/web\/wp-json\/wp\/v2\/posts\/10401","targetHints":{"allow":["GET"]}}],"collection":[{"href":"https:\/\/temucotelevision.cl\/web\/wp-json\/wp\/v2\/posts"}],"about":[{"href":"https:\/\/temucotelevision.cl\/web\/wp-json\/wp\/v2\/types\/post"}],"author":[{"embeddable":true,"href":"https:\/\/temucotelevision.cl\/web\/wp-json\/wp\/v2\/users\/1"}],"replies":[{"embeddable":true,"href":"https:\/\/temucotelevision.cl\/web\/wp-json\/wp\/v2\/comments?post=10401"}],"version-history":[{"count":1,"href":"https:\/\/temucotelevision.cl\/web\/wp-json\/wp\/v2\/posts\/10401\/revisions"}],"predecessor-version":[{"id":10402,"href":"https:\/\/temucotelevision.cl\/web\/wp-json\/wp\/v2\/posts\/10401\/revisions\/10402"}],"wp:featuredmedia":[{"embeddable":true,"href":"https:\/\/temucotelevision.cl\/web\/wp-json\/wp\/v2\/media\/10400"}],"wp:attachment":[{"href":"https:\/\/temucotelevision.cl\/web\/wp-json\/wp\/v2\/media?parent=10401"}],"wp:term":[{"taxonomy":"category","embeddable":true,"href":"https:\/\/temucotelevision.cl\/web\/wp-json\/wp\/v2\/categories?post=10401"},{"taxonomy":"post_tag","embeddable":true,"href":"https:\/\/temucotelevision.cl\/web\/wp-json\/wp\/v2\/tags?post=10401"}],"curies":[{"name":"wp","href":"https:\/\/api.w.org\/{rel}","templated":true}]}}