{"id":10393,"date":"2020-05-13T11:16:31","date_gmt":"2020-05-13T14:16:31","guid":{"rendered":"https:\/\/temucotelevision.cl\/web\/?p=10393"},"modified":"2020-05-13T13:06:37","modified_gmt":"2020-05-13T16:06:37","slug":"con-gran-exito-partio-red-solidaria-estoycontigo-en-la-araucania","status":"publish","type":"post","link":"https:\/\/temucotelevision.cl\/web\/2020\/05\/13\/con-gran-exito-partio-red-solidaria-estoycontigo-en-la-araucania\/","title":{"rendered":"Con gran \u00e9xito parti\u00f3 red solidaria EstoyContigo en La Araucan\u00eda"},"content":{"rendered":"<div class=\"pvc_clear\"><\/div><p id=\"pvc_stats_10393\" class=\"pvc_stats total_only  \" data-element-id=\"10393\" style=\"\"><i class=\"pvc-stats-icon large\" aria-hidden=\"true\"><svg aria-hidden=\"true\" focusable=\"false\" data-prefix=\"far\" data-icon=\"chart-bar\" role=\"img\" xmlns=\"http:\/\/www.w3.org\/2000\/svg\" viewBox=\"0 0 512 512\" class=\"svg-inline--fa fa-chart-bar fa-w-16 fa-2x\"><path fill=\"currentColor\" d=\"M396.8 352h22.4c6.4 0 12.8-6.4 12.8-12.8V108.8c0-6.4-6.4-12.8-12.8-12.8h-22.4c-6.4 0-12.8 6.4-12.8 12.8v230.4c0 6.4 6.4 12.8 12.8 12.8zm-192 0h22.4c6.4 0 12.8-6.4 12.8-12.8V140.8c0-6.4-6.4-12.8-12.8-12.8h-22.4c-6.4 0-12.8 6.4-12.8 12.8v198.4c0 6.4 6.4 12.8 12.8 12.8zm96 0h22.4c6.4 0 12.8-6.4 12.8-12.8V204.8c0-6.4-6.4-12.8-12.8-12.8h-22.4c-6.4 0-12.8 6.4-12.8 12.8v134.4c0 6.4 6.4 12.8 12.8 12.8zM496 400H48V80c0-8.84-7.16-16-16-16H16C7.16 64 0 71.16 0 80v336c0 17.67 14.33 32 32 32h464c8.84 0 16-7.16 16-16v-16c0-8.84-7.16-16-16-16zm-387.2-48h22.4c6.4 0 12.8-6.4 12.8-12.8v-70.4c0-6.4-6.4-12.8-12.8-12.8h-22.4c-6.4 0-12.8 6.4-12.8 12.8v70.4c0 6.4 6.4 12.8 12.8 12.8z\" class=\"\"><\/path><\/svg><\/i> <img loading=\"lazy\" decoding=\"async\" width=\"16\" height=\"16\" alt=\"Loading\" src=\"https:\/\/temucotelevision.cl\/web\/wp-content\/plugins\/page-views-count\/ajax-loader-2x.gif\" border=0 \/><\/p><div class=\"pvc_clear\"><\/div>\n<p><strong><em>\u2022&nbsp;&nbsp;&nbsp;&nbsp;&nbsp;&nbsp;&nbsp;&nbsp;&nbsp;&nbsp;&nbsp; El 29 de abril abri\u00f3 sus puertas virtuales, con m\u00e1s de 50 voluntarios, en su mayor\u00eda profesionales egresados y titulados del \u00e1rea social de diversas casas de estudios de la regi\u00f3n.<\/em><\/strong><strong><em><\/em><\/strong><\/p>\n\n\n\n<p><strong><em>\u2022&nbsp;&nbsp;&nbsp;&nbsp;&nbsp;&nbsp;&nbsp;&nbsp;&nbsp;&nbsp;&nbsp; A la fecha decenas de personas est\u00e1n recibiendo acompa\u00f1amiento de esta iniciativa a la que cualquier persona puede acceder ingresando sus datos en&nbsp;<\/em><\/strong><a href=\"http:\/\/www.estoycontigo.cl\/\" target=\"_blank\" rel=\"noreferrer noopener\"><strong><em>www.estoycontigo.cl<\/em><\/strong><\/a><strong><em>.&nbsp;&nbsp;&nbsp;<\/em><\/strong><strong><em><\/em><\/strong><\/p>\n\n\n\n<p>EstoyContigo es un proyecto que naci\u00f3 en La Araucan\u00eda y que se inspir\u00f3 en una red de voluntariado espa\u00f1ol orientada a acompa\u00f1ar a quienes, como efecto de la pandemia, necesitan a quien los escuche y una palabra de aliento para superar este dif\u00edcil momento.<\/p>\n\n\n\n<p>Hoy, tras abrir sus puertas virtuales el 29 de abril, la evaluaci\u00f3n es m\u00e1s que positiva: decenas de personas se han contactado y han sido derivados a los m\u00e1s de 70 voluntarios que actualmente est\u00e1n apoyando la red.&nbsp;&nbsp;&nbsp;<\/p>\n\n\n\n<p>El mecanismo es sencillo: quienes quieran recibir acompa\u00f1amiento solo deben registrarse en el formulario de la web&nbsp;<a href=\"http:\/\/www.estoycontigo.cl\/\" target=\"_blank\" rel=\"noreferrer noopener\">www.estoycontigo.cl<\/a>, donde adem\u00e1s de solicitar algunos datos personales y comentar la raz\u00f3n por la que escriben, deben escoger el tipo de apoyo: acompa\u00f1ar al duelo, conversaci\u00f3n-escucha&nbsp; y&nbsp; acompa\u00f1amiento espiritual.&nbsp;<\/p>\n\n\n\n<p>De esta forma EstoyContigo -propuesta gestada por la psic\u00f3loga y acad\u00e9mica de la Universidad Cat\u00f3lica de Temuco, Bertha Escobar Alaniz, y la periodista y asesora en comunicaciones, Glenda Merino Matus- responde a la necesidad de poner a la salud mental como tema relevante y urgente en el contexto de la pandemia que vive Chile y el mundo.&nbsp;<\/p>\n\n\n\n<p>Bertha Escobar explic\u00f3 que \u201cEstoyContigo es una oportunidad de generar apoyo mutuo, reciprocidad y cooperaci\u00f3n, sobre todo para aquellas personas que est\u00e1n viviendo esta pandemia en condiciones de mayor vulnerabilidad. Es un encuentro virtuoso con quienes est\u00e1n dispuestos a donar tiempo, un o\u00eddo amable para estar, para acompa\u00f1ar, para abrazar con las palabras\u201d.&nbsp;<\/p>\n\n\n\n<p>Por su parte, Glenda Merino, se\u00f1al\u00f3: \u201creaccionamos a una urgencia; la cuarentena no es igual para todos y este proyecto pone en contacto a quienes quieren y pueden regalar tiempo y una escucha acogedora a personas que viven en una situaci\u00f3n m\u00e1s complicada. Es en resumen hacer efectivo el encuentro y acompa\u00f1amiento a distancia\u201d.&nbsp;<\/p>\n\n\n\n<p>Cabe destacar que los hoy m\u00e1s de 70 voluntarios que conforman EstoyContigo, trabajan en coordinaci\u00f3n con las gestoras de la iniciativa y un equipo de profesionales de carreras del \u00e1rea social de universidades regionales, quienes han aportado con contenidos para apoyar a los voluntarios y enmarcar el accionar de estos en este primer per\u00edodo de marcha blanca.&nbsp;&nbsp;<\/p>\n\n\n\n<p>Hasta ahora los voluntarios en su mayor\u00eda son profesionales egresados y titulados de carreras del \u00e1rea social de la UC Temuco, U. Aut\u00f3noma, UFRO, UNAP, UST, U. Mayor y Universidad Cat\u00f3lica Silva Henr\u00edquez. \u201cHemos visto un tremendo inter\u00e9s en participar y eso nos llena de energ\u00eda, por lo que creemos que a futuro, en una siguiente etapa, ampliaremos las inscripciones de voluntarios para quienes se quieran sumar\u201d, finaliz\u00f3 Glenda Merino.<\/p>\n","protected":false},"excerpt":{"rendered":"<div class=\"pvc_clear\"><\/div>\n<p id=\"pvc_stats_10393\" class=\"pvc_stats total_only  \" data-element-id=\"10393\" style=\"\"><i class=\"pvc-stats-icon large\" aria-hidden=\"true\"><svg aria-hidden=\"true\" focusable=\"false\" data-prefix=\"far\" data-icon=\"chart-bar\" role=\"img\" xmlns=\"http:\/\/www.w3.org\/2000\/svg\" viewBox=\"0 0 512 512\" class=\"svg-inline--fa fa-chart-bar fa-w-16 fa-2x\"><path fill=\"currentColor\" d=\"M396.8 352h22.4c6.4 0 12.8-6.4 12.8-12.8V108.8c0-6.4-6.4-12.8-12.8-12.8h-22.4c-6.4 0-12.8 6.4-12.8 12.8v230.4c0 6.4 6.4 12.8 12.8 12.8zm-192 0h22.4c6.4 0 12.8-6.4 12.8-12.8V140.8c0-6.4-6.4-12.8-12.8-12.8h-22.4c-6.4 0-12.8 6.4-12.8 12.8v198.4c0 6.4 6.4 12.8 12.8 12.8zm96 0h22.4c6.4 0 12.8-6.4 12.8-12.8V204.8c0-6.4-6.4-12.8-12.8-12.8h-22.4c-6.4 0-12.8 6.4-12.8 12.8v134.4c0 6.4 6.4 12.8 12.8 12.8zM496 400H48V80c0-8.84-7.16-16-16-16H16C7.16 64 0 71.16 0 80v336c0 17.67 14.33 32 32 32h464c8.84 0 16-7.16 16-16v-16c0-8.84-7.16-16-16-16zm-387.2-48h22.4c6.4 0 12.8-6.4 12.8-12.8v-70.4c0-6.4-6.4-12.8-12.8-12.8h-22.4c-6.4 0-12.8 6.4-12.8 12.8v70.4c0 6.4 6.4 12.8 12.8 12.8z\" class=\"\"><\/path><\/svg><\/i> <img loading=\"lazy\" decoding=\"async\" width=\"16\" height=\"16\" alt=\"Loading\" src=\"https:\/\/temucotelevision.cl\/web\/wp-content\/plugins\/page-views-count\/ajax-loader-2x.gif\" border=0 \/><\/p>\n<div class=\"pvc_clear\"><\/div>\n<p>\u2022&nbsp;&nbsp;&nbsp;&nbsp;&nbsp;&nbsp;&nbsp;&nbsp;&nbsp;&nbsp;&nbsp; El 29 de abril abri\u00f3 sus puertas virtuales, con m\u00e1s de 50 voluntarios, en su mayor\u00eda profesionales egresados y<\/p>\n","protected":false},"author":1,"featured_media":10395,"comment_status":"open","ping_status":"open","sticky":false,"template":"","format":"standard","meta":{"colormag_page_container_layout":"default_layout","colormag_page_sidebar_layout":"default_layout","footnotes":""},"categories":[14],"tags":[2476,2312],"class_list":["post-10393","post","type-post","status-publish","format-standard","has-post-thumbnail","hentry","category-temuco","tag-estoy-contigo","tag-pandemia"],"a3_pvc":{"activated":true,"total_views":28,"today_views":0},"_links":{"self":[{"href":"https:\/\/temucotelevision.cl\/web\/wp-json\/wp\/v2\/posts\/10393","targetHints":{"allow":["GET"]}}],"collection":[{"href":"https:\/\/temucotelevision.cl\/web\/wp-json\/wp\/v2\/posts"}],"about":[{"href":"https:\/\/temucotelevision.cl\/web\/wp-json\/wp\/v2\/types\/post"}],"author":[{"embeddable":true,"href":"https:\/\/temucotelevision.cl\/web\/wp-json\/wp\/v2\/users\/1"}],"replies":[{"embeddable":true,"href":"https:\/\/temucotelevision.cl\/web\/wp-json\/wp\/v2\/comments?post=10393"}],"version-history":[{"count":2,"href":"https:\/\/temucotelevision.cl\/web\/wp-json\/wp\/v2\/posts\/10393\/revisions"}],"predecessor-version":[{"id":10396,"href":"https:\/\/temucotelevision.cl\/web\/wp-json\/wp\/v2\/posts\/10393\/revisions\/10396"}],"wp:featuredmedia":[{"embeddable":true,"href":"https:\/\/temucotelevision.cl\/web\/wp-json\/wp\/v2\/media\/10395"}],"wp:attachment":[{"href":"https:\/\/temucotelevision.cl\/web\/wp-json\/wp\/v2\/media?parent=10393"}],"wp:term":[{"taxonomy":"category","embeddable":true,"href":"https:\/\/temucotelevision.cl\/web\/wp-json\/wp\/v2\/categories?post=10393"},{"taxonomy":"post_tag","embeddable":true,"href":"https:\/\/temucotelevision.cl\/web\/wp-json\/wp\/v2\/tags?post=10393"}],"curies":[{"name":"wp","href":"https:\/\/api.w.org\/{rel}","templated":true}]}}