{"id":10382,"date":"2020-05-12T19:31:42","date_gmt":"2020-05-12T22:31:42","guid":{"rendered":"https:\/\/temucotelevision.cl\/web\/?p=10382"},"modified":"2020-05-12T19:36:38","modified_gmt":"2020-05-12T22:36:38","slug":"alcalde-de-collipulli-comprometio-subvencion-municipal-al-cuerpo-de-bomberos%ef%bb%bf","status":"publish","type":"post","link":"https:\/\/temucotelevision.cl\/web\/2020\/05\/12\/alcalde-de-collipulli-comprometio-subvencion-municipal-al-cuerpo-de-bomberos%ef%bb%bf\/","title":{"rendered":"Alcalde de Collipulli comprometi\u00f3 subvenci\u00f3n municipal al cuerpo de bomberos\ufeff"},"content":{"rendered":"<div class=\"pvc_clear\"><\/div><p id=\"pvc_stats_10382\" class=\"pvc_stats total_only  \" data-element-id=\"10382\" style=\"\"><i class=\"pvc-stats-icon large\" aria-hidden=\"true\"><svg aria-hidden=\"true\" focusable=\"false\" data-prefix=\"far\" data-icon=\"chart-bar\" role=\"img\" xmlns=\"http:\/\/www.w3.org\/2000\/svg\" viewBox=\"0 0 512 512\" class=\"svg-inline--fa fa-chart-bar fa-w-16 fa-2x\"><path fill=\"currentColor\" d=\"M396.8 352h22.4c6.4 0 12.8-6.4 12.8-12.8V108.8c0-6.4-6.4-12.8-12.8-12.8h-22.4c-6.4 0-12.8 6.4-12.8 12.8v230.4c0 6.4 6.4 12.8 12.8 12.8zm-192 0h22.4c6.4 0 12.8-6.4 12.8-12.8V140.8c0-6.4-6.4-12.8-12.8-12.8h-22.4c-6.4 0-12.8 6.4-12.8 12.8v198.4c0 6.4 6.4 12.8 12.8 12.8zm96 0h22.4c6.4 0 12.8-6.4 12.8-12.8V204.8c0-6.4-6.4-12.8-12.8-12.8h-22.4c-6.4 0-12.8 6.4-12.8 12.8v134.4c0 6.4 6.4 12.8 12.8 12.8zM496 400H48V80c0-8.84-7.16-16-16-16H16C7.16 64 0 71.16 0 80v336c0 17.67 14.33 32 32 32h464c8.84 0 16-7.16 16-16v-16c0-8.84-7.16-16-16-16zm-387.2-48h22.4c6.4 0 12.8-6.4 12.8-12.8v-70.4c0-6.4-6.4-12.8-12.8-12.8h-22.4c-6.4 0-12.8 6.4-12.8 12.8v70.4c0 6.4 6.4 12.8 12.8 12.8z\" class=\"\"><\/path><\/svg><\/i> <img loading=\"lazy\" decoding=\"async\" width=\"16\" height=\"16\" alt=\"Loading\" src=\"https:\/\/temucotelevision.cl\/web\/wp-content\/plugins\/page-views-count\/ajax-loader-2x.gif\" border=0 \/><\/p><div class=\"pvc_clear\"><\/div>\n<p>&nbsp;<em>La instituci\u00f3n recibir\u00e1 m\u00e1s de 30 millones de pesos para financiar la compra de un carro bomba y gastos de operaci\u00f3n.&nbsp;<\/em><\/p>\n\n\n\n<p>Una&nbsp;importante mesa de trabajo encabez\u00f3 la m\u00e1xima autoridad comunal con el cuerpo de bomberos de la comuna, ante la dif\u00edcil situaci\u00f3n presupuestaria que atraviesa la Municipalidad de Collipulli en relaci\u00f3n a la crisis sanitaria derivada del Covid-19. Una preocupaci\u00f3n que tra\u00edan los voluntarios de las diferencias compa\u00f1\u00edas, considerando que sus recursos disminuyeron por los fuertes incendios forestales que se generaron durante el verano; una situaci\u00f3n que a futuro podr\u00eda acarrear un problema para solventar gastos&nbsp;de operatividad.<\/p>\n\n\n\n<p>Sin embargo, el edil collipullense teniendo pleno conocimiento del nivel de preparaci\u00f3n y compromiso que tienen los voluntarios con la ciudadan\u00eda,&nbsp;les asegur\u00f3 de manera en\u00e9rgica que los montos de la subvenci\u00f3n municipal no ser\u00e1n rebajados, sino que m\u00e1s bien se mantendr\u00e1n por un n\u00famero no menor de 30 millones de pesos, a fin de financiar la compra de un moderno carro bomba e implementaci\u00f3n&nbsp;para todo tipo de emergencias.<\/p>\n\n\n\n<p><em>\u201cPara mi como alcalde es important\u00edsimo apoyar a estos heroicos hombres y mujeres que arriesgan a diario sus vidas, bajo ning\u00fan criterio anular\u00eda este aporte que anualmente hacemos como municipio,&nbsp;espec\u00edficamente para mantener y mejorar su nivel de profesionalismo con el que operan. Claramente si tenemos que apretarnos el cintur\u00f3n para saldar sus necesidades, lo vamos a hacer\u201d<\/em>&nbsp;expres\u00f3 Manuel Macaya Ram\u00edrez.&nbsp;<\/p>\n\n\n\n<p>Por su parte, el Superintendente del Cuerpo de Bomberos Collipulli, Jos\u00e9 Arriagada Caro dijo&nbsp;<em>\u201c Estamos muy agradecidos por el compromiso que ha tenido siempre el Sr alcalde con nuestra instituci\u00f3n, entendemos que el d\u00e9ficit es inquietante , pero estamos muy conformes con lo manifestado por la actual administraci\u00f3n municipal, dado que nos ayuda bastante para los costos que ten\u00edamos contemplados\u201d.<\/em><\/p>\n\n\n\n<p>Finalmente, el encuentro entre ambos, los llev\u00f3 a planificar para este a\u00f1o&nbsp;el trabajo que ejecutar\u00e1 el municipio, en conjunto con bomberos de la comuna mallequina, as\u00ed como tambi\u00e9n los diversos proyectos en mente, entre ellos el pr\u00f3ximo dise\u00f1o del nuevo cuartel bomberil para Villa Mininco; sector rural perteneciente a Collipulli.<\/p>\n","protected":false},"excerpt":{"rendered":"<div class=\"pvc_clear\"><\/div>\n<p id=\"pvc_stats_10382\" class=\"pvc_stats total_only  \" data-element-id=\"10382\" style=\"\"><i class=\"pvc-stats-icon large\" aria-hidden=\"true\"><svg aria-hidden=\"true\" focusable=\"false\" data-prefix=\"far\" data-icon=\"chart-bar\" role=\"img\" xmlns=\"http:\/\/www.w3.org\/2000\/svg\" viewBox=\"0 0 512 512\" class=\"svg-inline--fa fa-chart-bar fa-w-16 fa-2x\"><path fill=\"currentColor\" d=\"M396.8 352h22.4c6.4 0 12.8-6.4 12.8-12.8V108.8c0-6.4-6.4-12.8-12.8-12.8h-22.4c-6.4 0-12.8 6.4-12.8 12.8v230.4c0 6.4 6.4 12.8 12.8 12.8zm-192 0h22.4c6.4 0 12.8-6.4 12.8-12.8V140.8c0-6.4-6.4-12.8-12.8-12.8h-22.4c-6.4 0-12.8 6.4-12.8 12.8v198.4c0 6.4 6.4 12.8 12.8 12.8zm96 0h22.4c6.4 0 12.8-6.4 12.8-12.8V204.8c0-6.4-6.4-12.8-12.8-12.8h-22.4c-6.4 0-12.8 6.4-12.8 12.8v134.4c0 6.4 6.4 12.8 12.8 12.8zM496 400H48V80c0-8.84-7.16-16-16-16H16C7.16 64 0 71.16 0 80v336c0 17.67 14.33 32 32 32h464c8.84 0 16-7.16 16-16v-16c0-8.84-7.16-16-16-16zm-387.2-48h22.4c6.4 0 12.8-6.4 12.8-12.8v-70.4c0-6.4-6.4-12.8-12.8-12.8h-22.4c-6.4 0-12.8 6.4-12.8 12.8v70.4c0 6.4 6.4 12.8 12.8 12.8z\" class=\"\"><\/path><\/svg><\/i> <img loading=\"lazy\" decoding=\"async\" width=\"16\" height=\"16\" alt=\"Loading\" src=\"https:\/\/temucotelevision.cl\/web\/wp-content\/plugins\/page-views-count\/ajax-loader-2x.gif\" border=0 \/><\/p>\n<div class=\"pvc_clear\"><\/div>\n<p>&nbsp;La instituci\u00f3n recibir\u00e1 m\u00e1s de 30 millones de pesos para financiar la compra de un carro bomba y gastos de<\/p>\n","protected":false},"author":1,"featured_media":10383,"comment_status":"open","ping_status":"open","sticky":false,"template":"","format":"standard","meta":{"colormag_page_container_layout":"default_layout","colormag_page_sidebar_layout":"default_layout","footnotes":""},"categories":[15],"tags":[202,304,210],"class_list":["post-10382","post","type-post","status-publish","format-standard","has-post-thumbnail","hentry","category-la-araucania","tag-alcalde","tag-bomberos","tag-recursos"],"a3_pvc":{"activated":true,"total_views":29,"today_views":0},"_links":{"self":[{"href":"https:\/\/temucotelevision.cl\/web\/wp-json\/wp\/v2\/posts\/10382","targetHints":{"allow":["GET"]}}],"collection":[{"href":"https:\/\/temucotelevision.cl\/web\/wp-json\/wp\/v2\/posts"}],"about":[{"href":"https:\/\/temucotelevision.cl\/web\/wp-json\/wp\/v2\/types\/post"}],"author":[{"embeddable":true,"href":"https:\/\/temucotelevision.cl\/web\/wp-json\/wp\/v2\/users\/1"}],"replies":[{"embeddable":true,"href":"https:\/\/temucotelevision.cl\/web\/wp-json\/wp\/v2\/comments?post=10382"}],"version-history":[{"count":2,"href":"https:\/\/temucotelevision.cl\/web\/wp-json\/wp\/v2\/posts\/10382\/revisions"}],"predecessor-version":[{"id":10385,"href":"https:\/\/temucotelevision.cl\/web\/wp-json\/wp\/v2\/posts\/10382\/revisions\/10385"}],"wp:featuredmedia":[{"embeddable":true,"href":"https:\/\/temucotelevision.cl\/web\/wp-json\/wp\/v2\/media\/10383"}],"wp:attachment":[{"href":"https:\/\/temucotelevision.cl\/web\/wp-json\/wp\/v2\/media?parent=10382"}],"wp:term":[{"taxonomy":"category","embeddable":true,"href":"https:\/\/temucotelevision.cl\/web\/wp-json\/wp\/v2\/categories?post=10382"},{"taxonomy":"post_tag","embeddable":true,"href":"https:\/\/temucotelevision.cl\/web\/wp-json\/wp\/v2\/tags?post=10382"}],"curies":[{"name":"wp","href":"https:\/\/api.w.org\/{rel}","templated":true}]}}