{"id":10379,"date":"2020-05-12T14:45:13","date_gmt":"2020-05-12T17:45:13","guid":{"rendered":"https:\/\/temucotelevision.cl\/web\/?p=10379"},"modified":"2020-05-12T14:45:15","modified_gmt":"2020-05-12T17:45:15","slug":"autoridades-provinciales-visitan-el-sector-de-pedregoso-tras-brote-de-covid_19","status":"publish","type":"post","link":"https:\/\/temucotelevision.cl\/web\/2020\/05\/12\/autoridades-provinciales-visitan-el-sector-de-pedregoso-tras-brote-de-covid_19\/","title":{"rendered":"Autoridades Provinciales visitan el sector de Pedregoso tras brote de Covid_19"},"content":{"rendered":"<div class=\"pvc_clear\"><\/div><p id=\"pvc_stats_10379\" class=\"pvc_stats total_only  \" data-element-id=\"10379\" style=\"\"><i class=\"pvc-stats-icon large\" aria-hidden=\"true\"><svg aria-hidden=\"true\" focusable=\"false\" data-prefix=\"far\" data-icon=\"chart-bar\" role=\"img\" xmlns=\"http:\/\/www.w3.org\/2000\/svg\" viewBox=\"0 0 512 512\" class=\"svg-inline--fa fa-chart-bar fa-w-16 fa-2x\"><path fill=\"currentColor\" d=\"M396.8 352h22.4c6.4 0 12.8-6.4 12.8-12.8V108.8c0-6.4-6.4-12.8-12.8-12.8h-22.4c-6.4 0-12.8 6.4-12.8 12.8v230.4c0 6.4 6.4 12.8 12.8 12.8zm-192 0h22.4c6.4 0 12.8-6.4 12.8-12.8V140.8c0-6.4-6.4-12.8-12.8-12.8h-22.4c-6.4 0-12.8 6.4-12.8 12.8v198.4c0 6.4 6.4 12.8 12.8 12.8zm96 0h22.4c6.4 0 12.8-6.4 12.8-12.8V204.8c0-6.4-6.4-12.8-12.8-12.8h-22.4c-6.4 0-12.8 6.4-12.8 12.8v134.4c0 6.4 6.4 12.8 12.8 12.8zM496 400H48V80c0-8.84-7.16-16-16-16H16C7.16 64 0 71.16 0 80v336c0 17.67 14.33 32 32 32h464c8.84 0 16-7.16 16-16v-16c0-8.84-7.16-16-16-16zm-387.2-48h22.4c6.4 0 12.8-6.4 12.8-12.8v-70.4c0-6.4-6.4-12.8-12.8-12.8h-22.4c-6.4 0-12.8 6.4-12.8 12.8v70.4c0 6.4 6.4 12.8 12.8 12.8z\" class=\"\"><\/path><\/svg><\/i> <img loading=\"lazy\" decoding=\"async\" width=\"16\" height=\"16\" alt=\"Loading\" src=\"https:\/\/temucotelevision.cl\/web\/wp-content\/plugins\/page-views-count\/ajax-loader-2x.gif\" border=0 \/><\/p><div class=\"pvc_clear\"><\/div>\n<p>Tras el brote comprobado por las autoridades de salud en el sector de Pedregoso, comuna de Lonquimay, el Gobernador, Juan Carlos Beltr\u00e1n, junto al Director del Servicio de Salud, Alcalde la comuna, se trasladaron hasta la comunidad para escuchar y atender las necesidades \u00a0que enfrentan al d\u00eda de hoy.<\/p>\n\n\n\n<p>Por ello las autoridades gestionaron a trav\u00e9s del Servicio de salud , Araucan\u00eda Norte el traslado del M\u00f3vil para la Toma de Muestras, proporcionado por &nbsp;Levantemos Chile, adem\u00e1s de la entrega de insumos de protecci\u00f3n sanitaria, como mascarillas, guantes, antiparras entre otros, para el Presidente del Territorio de Pedregoso, Francisco Yevilao, la visita de las autoridades ha sido muy necesaria, \u201c hab\u00edamos tenido agendada una reuni\u00f3n en terreno con el director del Servicio de Salud, Araucan\u00eda Norte y tambi\u00e9n hab\u00edamos invitado as\u00ed m\u00e1s informal en redes sociales pidiendo la visita de las autoridades y ayer nos sorprendi\u00f3 el Gobernador que tambi\u00e9n lleg\u00f3 a nuestro sector, donde trajeron respuesta a lo que demand\u00e1bamos uno de los problemas que tenemos nosotros es el traslado en cuanto a nuestros pacientes que estaban dando positivo entonces no ten\u00edamos los medios, hab\u00edan problemas de ambulancias, as\u00ed que hubo una respuesta en ese sentido positivo, adem\u00e1s escucharon nuestro petitorio, donde pedimos una cuarentena comunal especialmente con la mirada de fondo ac\u00e1 en el sector porque ac\u00e1 est\u00e1 el brote y ese es el apoyo que est\u00e1bamos pidiendo a las autoridades\u201d coment\u00f3<\/p>\n\n\n\n<p>Cabe se\u00f1alar que en el sector de Pedregoso, se instal\u00f3 un control sanitario con el apoyo de funcionarios de Carabineros, quienes fiscalizan el ingreso y salida, en conjunto con los propios dirigentes de la comunidad pehuenche.<\/p>\n\n\n\n<p>Al ser consultado el Gobernador de Malleco, \u201cUna de las instrucciones del Presidente de la Rep\u00fablica Sebasti\u00e1n Pi\u00f1era es estar en terreno; uno de mis principales sellos, raz\u00f3n por la cual nos trasladamos&nbsp;&nbsp;hasta el sector de pedregoso, para escuchar y apoyar a nuestras Comunidades. En este mismo sentido estoy en contacto con el Alcalde de la comuna, Nibaldo Alegr\u00eda quien cuenta con todo mi apoyo, m\u00e1s a\u00fan ahora, que estamos viviendo momentos tan complejos; como Gobernador de la provincia, me voy preocupado pero a la vez ocupado en buscar las alternativas y medios para dar resguardo a esta hermosa comunidad mapuche- pehuenche\u201d indic\u00f3 &nbsp;<\/p>\n\n\n\n<p>Por su parte el Director del Servicio de Salud, Araucan\u00eda Norte, \u201c a trav\u00e9s del programa de Salud Mapuche, el Servicio de Salud , Araucan\u00eda Norte, gestiono la compra de 600 litros de jab\u00f3n , 300 litros de alcohol gel, 800 mascarillas lavables y reutilizables y 5 mil guantes para poder llevarlos a la comunidad como una forma de ayudar a contener el avance de este virus, en paralelo a ello y gracias al apoyo del Desaf\u00edo Levantemos Chile , es que por esta semana tenemos una cl\u00ednica m\u00f3vil para la toma de muestras domiciliarias y as\u00ed las personas de la comunidad no deban trasladarse hasta Lonquimay\u201d\u201c<\/p>\n\n\n\n<p>El Alcalde de Lonquimay, Nibaldo Alegr\u00eda se\u00f1alo \u201c junto al Gobernador y Director del servicio sostuvimos esta importante reuni\u00f3n con la comunidad de Pedregoso, donde se hicieron una serie de planteamientos y tambi\u00e9n se hizo un an\u00e1lisis de lo que se ha estado realizando en el sector desde el d\u00eda uno, estando en constante contacto con las autoridades, contratamos un equipo m\u00e9dico completo, estamos haciendo sanitizaciones &nbsp;de los espacios p\u00fablicos y casas de los adultos mayores del sector, tenemos una radio instalada que nos permite difundir todo lo que se est\u00e1 realizando en el territorio, gracias al servicio de salud se consigui\u00f3 una cl\u00ednica m\u00f3vil para poder realizar los test a los domicilios &nbsp;de las familias que presenten s\u00edntomas\u201c<\/p>\n","protected":false},"excerpt":{"rendered":"<div class=\"pvc_clear\"><\/div>\n<p id=\"pvc_stats_10379\" class=\"pvc_stats total_only  \" data-element-id=\"10379\" style=\"\"><i class=\"pvc-stats-icon large\" aria-hidden=\"true\"><svg aria-hidden=\"true\" focusable=\"false\" data-prefix=\"far\" data-icon=\"chart-bar\" role=\"img\" xmlns=\"http:\/\/www.w3.org\/2000\/svg\" viewBox=\"0 0 512 512\" class=\"svg-inline--fa fa-chart-bar fa-w-16 fa-2x\"><path fill=\"currentColor\" d=\"M396.8 352h22.4c6.4 0 12.8-6.4 12.8-12.8V108.8c0-6.4-6.4-12.8-12.8-12.8h-22.4c-6.4 0-12.8 6.4-12.8 12.8v230.4c0 6.4 6.4 12.8 12.8 12.8zm-192 0h22.4c6.4 0 12.8-6.4 12.8-12.8V140.8c0-6.4-6.4-12.8-12.8-12.8h-22.4c-6.4 0-12.8 6.4-12.8 12.8v198.4c0 6.4 6.4 12.8 12.8 12.8zm96 0h22.4c6.4 0 12.8-6.4 12.8-12.8V204.8c0-6.4-6.4-12.8-12.8-12.8h-22.4c-6.4 0-12.8 6.4-12.8 12.8v134.4c0 6.4 6.4 12.8 12.8 12.8zM496 400H48V80c0-8.84-7.16-16-16-16H16C7.16 64 0 71.16 0 80v336c0 17.67 14.33 32 32 32h464c8.84 0 16-7.16 16-16v-16c0-8.84-7.16-16-16-16zm-387.2-48h22.4c6.4 0 12.8-6.4 12.8-12.8v-70.4c0-6.4-6.4-12.8-12.8-12.8h-22.4c-6.4 0-12.8 6.4-12.8 12.8v70.4c0 6.4 6.4 12.8 12.8 12.8z\" class=\"\"><\/path><\/svg><\/i> <img loading=\"lazy\" decoding=\"async\" width=\"16\" height=\"16\" alt=\"Loading\" src=\"https:\/\/temucotelevision.cl\/web\/wp-content\/plugins\/page-views-count\/ajax-loader-2x.gif\" border=0 \/><\/p>\n<div class=\"pvc_clear\"><\/div>\n<p>Tras el brote comprobado por las autoridades de salud en el sector de Pedregoso, comuna de Lonquimay, el Gobernador, Juan<\/p>\n","protected":false},"author":1,"featured_media":10380,"comment_status":"open","ping_status":"open","sticky":false,"template":"","format":"standard","meta":{"colormag_page_container_layout":"default_layout","colormag_page_sidebar_layout":"default_layout","footnotes":""},"categories":[15],"tags":[2216,172],"class_list":["post-10379","post","type-post","status-publish","format-standard","has-post-thumbnail","hentry","category-la-araucania","tag-coronavirus","tag-lonquimay"],"a3_pvc":{"activated":true,"total_views":33,"today_views":0},"_links":{"self":[{"href":"https:\/\/temucotelevision.cl\/web\/wp-json\/wp\/v2\/posts\/10379","targetHints":{"allow":["GET"]}}],"collection":[{"href":"https:\/\/temucotelevision.cl\/web\/wp-json\/wp\/v2\/posts"}],"about":[{"href":"https:\/\/temucotelevision.cl\/web\/wp-json\/wp\/v2\/types\/post"}],"author":[{"embeddable":true,"href":"https:\/\/temucotelevision.cl\/web\/wp-json\/wp\/v2\/users\/1"}],"replies":[{"embeddable":true,"href":"https:\/\/temucotelevision.cl\/web\/wp-json\/wp\/v2\/comments?post=10379"}],"version-history":[{"count":1,"href":"https:\/\/temucotelevision.cl\/web\/wp-json\/wp\/v2\/posts\/10379\/revisions"}],"predecessor-version":[{"id":10381,"href":"https:\/\/temucotelevision.cl\/web\/wp-json\/wp\/v2\/posts\/10379\/revisions\/10381"}],"wp:featuredmedia":[{"embeddable":true,"href":"https:\/\/temucotelevision.cl\/web\/wp-json\/wp\/v2\/media\/10380"}],"wp:attachment":[{"href":"https:\/\/temucotelevision.cl\/web\/wp-json\/wp\/v2\/media?parent=10379"}],"wp:term":[{"taxonomy":"category","embeddable":true,"href":"https:\/\/temucotelevision.cl\/web\/wp-json\/wp\/v2\/categories?post=10379"},{"taxonomy":"post_tag","embeddable":true,"href":"https:\/\/temucotelevision.cl\/web\/wp-json\/wp\/v2\/tags?post=10379"}],"curies":[{"name":"wp","href":"https:\/\/api.w.org\/{rel}","templated":true}]}}