{"id":10369,"date":"2020-05-12T12:45:49","date_gmt":"2020-05-12T15:45:49","guid":{"rendered":"https:\/\/temucotelevision.cl\/web\/?p=10369"},"modified":"2020-05-12T12:46:44","modified_gmt":"2020-05-12T15:46:44","slug":"39-son-los-fallecidos-y-16-nuevos-casos-de-contagios-en-la-araucania-aqui-te-dejamos-actualizacion-para-hoy","status":"publish","type":"post","link":"https:\/\/temucotelevision.cl\/web\/2020\/05\/12\/39-son-los-fallecidos-y-16-nuevos-casos-de-contagios-en-la-araucania-aqui-te-dejamos-actualizacion-para-hoy\/","title":{"rendered":"Actualizaci\u00f3n: 39 son los fallecidos y 16 nuevos casos de contagios en La Araucan\u00eda, aqu\u00ed te dejamos nuevo reporte para hoy"},"content":{"rendered":"<div class=\"pvc_clear\"><\/div><p id=\"pvc_stats_10369\" class=\"pvc_stats total_only  \" data-element-id=\"10369\" style=\"\"><i class=\"pvc-stats-icon large\" aria-hidden=\"true\"><svg aria-hidden=\"true\" focusable=\"false\" data-prefix=\"far\" data-icon=\"chart-bar\" role=\"img\" xmlns=\"http:\/\/www.w3.org\/2000\/svg\" viewBox=\"0 0 512 512\" class=\"svg-inline--fa fa-chart-bar fa-w-16 fa-2x\"><path fill=\"currentColor\" d=\"M396.8 352h22.4c6.4 0 12.8-6.4 12.8-12.8V108.8c0-6.4-6.4-12.8-12.8-12.8h-22.4c-6.4 0-12.8 6.4-12.8 12.8v230.4c0 6.4 6.4 12.8 12.8 12.8zm-192 0h22.4c6.4 0 12.8-6.4 12.8-12.8V140.8c0-6.4-6.4-12.8-12.8-12.8h-22.4c-6.4 0-12.8 6.4-12.8 12.8v198.4c0 6.4 6.4 12.8 12.8 12.8zm96 0h22.4c6.4 0 12.8-6.4 12.8-12.8V204.8c0-6.4-6.4-12.8-12.8-12.8h-22.4c-6.4 0-12.8 6.4-12.8 12.8v134.4c0 6.4 6.4 12.8 12.8 12.8zM496 400H48V80c0-8.84-7.16-16-16-16H16C7.16 64 0 71.16 0 80v336c0 17.67 14.33 32 32 32h464c8.84 0 16-7.16 16-16v-16c0-8.84-7.16-16-16-16zm-387.2-48h22.4c6.4 0 12.8-6.4 12.8-12.8v-70.4c0-6.4-6.4-12.8-12.8-12.8h-22.4c-6.4 0-12.8 6.4-12.8 12.8v70.4c0 6.4 6.4 12.8 12.8 12.8z\" class=\"\"><\/path><\/svg><\/i> <img loading=\"lazy\" decoding=\"async\" width=\"16\" height=\"16\" alt=\"Loading\" src=\"https:\/\/temucotelevision.cl\/web\/wp-content\/plugins\/page-views-count\/ajax-loader-2x.gif\" border=0 \/><\/p><div class=\"pvc_clear\"><\/div>\n<p>Durante el d\u00eda ayer fueron 16 los nuevos casos confirmados de COVID- 19 en la regi\u00f3n con corte de informaci\u00f3n a las 21 hrs. Estos nuevos casos sumados a los confirmados anteriormente, nos entregan la siguiente distribuci\u00f3n comunal:<\/p>\n\n\n\n<table class=\"wp-block-table\"><tbody><tr><td><strong>Comuna de residencia<\/strong><\/td><td><strong>N\u00b0 de casos<\/strong><\/td><\/tr><tr><td>Angol<\/td><td>120<\/td><\/tr><tr><td>Carahue<\/td><td>35<\/td><\/tr><tr><td>Chol-Chol<\/td><td>4<\/td><\/tr><tr><td>Collipulli<\/td><td>6<\/td><\/tr><tr><td>Cunco<\/td><td>6<\/td><\/tr><tr><td>Curacaut\u00edn<\/td><td>7<\/td><\/tr><tr><td>Curarrehue<\/td><td>4<\/td><\/tr><tr><td>Ercilla<\/td><td>11<\/td><\/tr><tr><td>Freire<\/td><td>12<\/td><\/tr><tr><td>Galvarino<\/td><td>3<\/td><\/tr><tr><td>Gorbea<\/td><td>13<\/td><\/tr><tr><td>Lautaro<\/td><td>54<\/td><\/tr><tr><td>Loncoche<\/td><td>20<\/td><\/tr><tr><td>Lonquimay<\/td><td>11<\/td><\/tr><tr><td>Los Sauces<\/td><td>1<\/td><\/tr><tr><td>Lumaco<\/td><td>7<\/td><\/tr><tr><td>Melipeuco<\/td><td>0<\/td><\/tr><tr><td>Nueva Imperial<\/td><td>48<\/td><\/tr><tr><td>Padre Las Casas<\/td><td>102<\/td><\/tr><tr><td>Perquenco<\/td><td>5<\/td><\/tr><tr><td>Pitrufqu\u00e9n<\/td><td>17<\/td><\/tr><tr><td>Puc\u00f3n<\/td><td>16<\/td><\/tr><tr><td>Pur\u00e9n<\/td><td>7<\/td><\/tr><tr><td>Renaico<\/td><td>12<\/td><\/tr><tr><td>Saavedra<\/td><td>53<\/td><\/tr><tr><td>Temuco<\/td><td>736<\/td><\/tr><tr><td>Teodoro Schmidt<\/td><td>5<\/td><\/tr><tr><td>Tolt\u00e9n<\/td><td>8<\/td><\/tr><tr><td>Traigu\u00e9n<\/td><td>2<\/td><\/tr><tr><td>Victoria<\/td><td>79<\/td><\/tr><tr><td>Vilc\u00fan<\/td><td>50<\/td><\/tr><tr><td>Villarrica<\/td><td>20<\/td><\/tr><tr><td><strong>Total General<\/strong><\/td><td><strong>1.474<\/strong><\/td><\/tr><tr><td>*Informaci\u00f3n susceptible de ser modificada, en relaci\u00f3n a los resultados de las investigaciones Epidemiol\u00f3gicas.<strong><\/strong><\/td><td>* Se extraen 8 casos del an\u00e1lisis, puesto que presentan residencia en otras regiones.<strong><\/strong><\/td><\/tr><\/tbody><\/table>\n\n\n\n<table class=\"wp-block-table\"><tbody><tr><td><strong>Sexo<\/strong><\/td><td><strong>N\u00b0 Casos<\/strong><\/td><td><strong>Porcentaje<\/strong><\/td><\/tr><tr><td>Hombre<\/td><td>694<\/td><td>47,1%<\/td><\/tr><tr><td>Mujer<\/td><td>780<\/td><td>52,9%<\/td><\/tr><\/tbody><\/table>\n\n\n\n<p><strong>De estos nuevos 16 casos, 14 son casos nuevos con s\u00edntomas y 2 casos nuevos sin s\u00edntomas.<\/strong><\/p>\n\n\n\n<p><strong>Ex\u00e1menes PCR procesados en las \u00faltimas 24 hrs.<\/strong><\/p>\n\n\n\n<table class=\"wp-block-table\"><tbody><tr><td>N\u00b0 de Muestras procesadas (11.05.2020)<\/td><td>90<\/td><\/tr><\/tbody><\/table>\n\n\n\n<table class=\"wp-block-table\"><tbody><tr><td><strong>Fallecidos<\/strong><\/td><td>39<\/td><\/tr><\/tbody><\/table>\n\n\n\n<table class=\"wp-block-table\"><tbody><tr><td><strong>Sexo<\/strong><\/td><td><strong>Edad<\/strong><\/td><td><strong>Comuna<\/strong><\/td><td><strong>Patolog\u00edas Base<\/strong><\/td><\/tr><tr><td>Femenino<\/td><td>77<\/td><td>Temuco<\/td><td>Alzhaimer.<\/td><\/tr><\/tbody><\/table>\n\n\n\n<p>De la totalidad de casos 63 se encuentran hospitalizados, de estos, 32 en Unidades de Paciente Cr\u00edtico (UTI 12 &#8211; UCI 20) y 18 conectados a ventilador mec\u00e1nico de los cuales 15 se encuentran en establecimientos de la red p\u00fablica y 3 en cl\u00ednicas privadas.<\/p>\n\n\n\n<p>Estos antecedentes de los nuevos 16 casos de Covid- 19 confirmados, se suman a los 1.466 ya conocidos, sumando un total de 1.482 casos confirmados en la regi\u00f3n de La Araucan\u00eda.<\/p>\n","protected":false},"excerpt":{"rendered":"<div class=\"pvc_clear\"><\/div>\n<p id=\"pvc_stats_10369\" class=\"pvc_stats total_only  \" data-element-id=\"10369\" style=\"\"><i class=\"pvc-stats-icon large\" aria-hidden=\"true\"><svg aria-hidden=\"true\" focusable=\"false\" data-prefix=\"far\" data-icon=\"chart-bar\" role=\"img\" xmlns=\"http:\/\/www.w3.org\/2000\/svg\" viewBox=\"0 0 512 512\" class=\"svg-inline--fa fa-chart-bar fa-w-16 fa-2x\"><path fill=\"currentColor\" d=\"M396.8 352h22.4c6.4 0 12.8-6.4 12.8-12.8V108.8c0-6.4-6.4-12.8-12.8-12.8h-22.4c-6.4 0-12.8 6.4-12.8 12.8v230.4c0 6.4 6.4 12.8 12.8 12.8zm-192 0h22.4c6.4 0 12.8-6.4 12.8-12.8V140.8c0-6.4-6.4-12.8-12.8-12.8h-22.4c-6.4 0-12.8 6.4-12.8 12.8v198.4c0 6.4 6.4 12.8 12.8 12.8zm96 0h22.4c6.4 0 12.8-6.4 12.8-12.8V204.8c0-6.4-6.4-12.8-12.8-12.8h-22.4c-6.4 0-12.8 6.4-12.8 12.8v134.4c0 6.4 6.4 12.8 12.8 12.8zM496 400H48V80c0-8.84-7.16-16-16-16H16C7.16 64 0 71.16 0 80v336c0 17.67 14.33 32 32 32h464c8.84 0 16-7.16 16-16v-16c0-8.84-7.16-16-16-16zm-387.2-48h22.4c6.4 0 12.8-6.4 12.8-12.8v-70.4c0-6.4-6.4-12.8-12.8-12.8h-22.4c-6.4 0-12.8 6.4-12.8 12.8v70.4c0 6.4 6.4 12.8 12.8 12.8z\" class=\"\"><\/path><\/svg><\/i> <img loading=\"lazy\" decoding=\"async\" width=\"16\" height=\"16\" alt=\"Loading\" src=\"https:\/\/temucotelevision.cl\/web\/wp-content\/plugins\/page-views-count\/ajax-loader-2x.gif\" border=0 \/><\/p>\n<div class=\"pvc_clear\"><\/div>\n<p>Durante el d\u00eda ayer fueron 16 los nuevos casos confirmados de COVID- 19 en la regi\u00f3n con corte de informaci\u00f3n<\/p>\n","protected":false},"author":1,"featured_media":10370,"comment_status":"open","ping_status":"open","sticky":false,"template":"","format":"standard","meta":{"colormag_page_container_layout":"default_layout","colormag_page_sidebar_layout":"default_layout","footnotes":""},"categories":[15],"tags":[2347,2304,1168,131],"class_list":["post-10369","post","type-post","status-publish","format-standard","has-post-thumbnail","hentry","category-la-araucania","tag-contagios","tag-covid-19","tag-reporte","tag-salud"],"a3_pvc":{"activated":true,"total_views":41,"today_views":0},"_links":{"self":[{"href":"https:\/\/temucotelevision.cl\/web\/wp-json\/wp\/v2\/posts\/10369","targetHints":{"allow":["GET"]}}],"collection":[{"href":"https:\/\/temucotelevision.cl\/web\/wp-json\/wp\/v2\/posts"}],"about":[{"href":"https:\/\/temucotelevision.cl\/web\/wp-json\/wp\/v2\/types\/post"}],"author":[{"embeddable":true,"href":"https:\/\/temucotelevision.cl\/web\/wp-json\/wp\/v2\/users\/1"}],"replies":[{"embeddable":true,"href":"https:\/\/temucotelevision.cl\/web\/wp-json\/wp\/v2\/comments?post=10369"}],"version-history":[{"count":2,"href":"https:\/\/temucotelevision.cl\/web\/wp-json\/wp\/v2\/posts\/10369\/revisions"}],"predecessor-version":[{"id":10372,"href":"https:\/\/temucotelevision.cl\/web\/wp-json\/wp\/v2\/posts\/10369\/revisions\/10372"}],"wp:featuredmedia":[{"embeddable":true,"href":"https:\/\/temucotelevision.cl\/web\/wp-json\/wp\/v2\/media\/10370"}],"wp:attachment":[{"href":"https:\/\/temucotelevision.cl\/web\/wp-json\/wp\/v2\/media?parent=10369"}],"wp:term":[{"taxonomy":"category","embeddable":true,"href":"https:\/\/temucotelevision.cl\/web\/wp-json\/wp\/v2\/categories?post=10369"},{"taxonomy":"post_tag","embeddable":true,"href":"https:\/\/temucotelevision.cl\/web\/wp-json\/wp\/v2\/tags?post=10369"}],"curies":[{"name":"wp","href":"https:\/\/api.w.org\/{rel}","templated":true}]}}