{"id":10277,"date":"2020-05-08T00:38:46","date_gmt":"2020-05-08T03:38:46","guid":{"rendered":"https:\/\/temucotelevision.cl\/web\/?p=10277"},"modified":"2020-05-08T00:38:48","modified_gmt":"2020-05-08T03:38:48","slug":"alcaldesa-de-vilcun-busca-flexibilidad-en-cordon-sanitario-para-que-habitantes-de-cajon-ingresen-a-temuco%ef%bb%bf","status":"publish","type":"post","link":"https:\/\/temucotelevision.cl\/web\/2020\/05\/08\/alcaldesa-de-vilcun-busca-flexibilidad-en-cordon-sanitario-para-que-habitantes-de-cajon-ingresen-a-temuco%ef%bb%bf\/","title":{"rendered":"Alcaldesa de Vilc\u00fan busca flexibilidad en cord\u00f3n sanitario para que habitantes de Caj\u00f3n ingresen a Temuco\ufeff"},"content":{"rendered":"<div class=\"pvc_clear\"><\/div><p id=\"pvc_stats_10277\" class=\"pvc_stats total_only  \" data-element-id=\"10277\" style=\"\"><i class=\"pvc-stats-icon large\" aria-hidden=\"true\"><svg aria-hidden=\"true\" focusable=\"false\" data-prefix=\"far\" data-icon=\"chart-bar\" role=\"img\" xmlns=\"http:\/\/www.w3.org\/2000\/svg\" viewBox=\"0 0 512 512\" class=\"svg-inline--fa fa-chart-bar fa-w-16 fa-2x\"><path fill=\"currentColor\" d=\"M396.8 352h22.4c6.4 0 12.8-6.4 12.8-12.8V108.8c0-6.4-6.4-12.8-12.8-12.8h-22.4c-6.4 0-12.8 6.4-12.8 12.8v230.4c0 6.4 6.4 12.8 12.8 12.8zm-192 0h22.4c6.4 0 12.8-6.4 12.8-12.8V140.8c0-6.4-6.4-12.8-12.8-12.8h-22.4c-6.4 0-12.8 6.4-12.8 12.8v198.4c0 6.4 6.4 12.8 12.8 12.8zm96 0h22.4c6.4 0 12.8-6.4 12.8-12.8V204.8c0-6.4-6.4-12.8-12.8-12.8h-22.4c-6.4 0-12.8 6.4-12.8 12.8v134.4c0 6.4 6.4 12.8 12.8 12.8zM496 400H48V80c0-8.84-7.16-16-16-16H16C7.16 64 0 71.16 0 80v336c0 17.67 14.33 32 32 32h464c8.84 0 16-7.16 16-16v-16c0-8.84-7.16-16-16-16zm-387.2-48h22.4c6.4 0 12.8-6.4 12.8-12.8v-70.4c0-6.4-6.4-12.8-12.8-12.8h-22.4c-6.4 0-12.8 6.4-12.8 12.8v70.4c0 6.4 6.4 12.8 12.8 12.8z\" class=\"\"><\/path><\/svg><\/i> <img loading=\"lazy\" decoding=\"async\" width=\"16\" height=\"16\" alt=\"Loading\" src=\"https:\/\/temucotelevision.cl\/web\/wp-content\/plugins\/page-views-count\/ajax-loader-2x.gif\" border=0 \/><\/p><div class=\"pvc_clear\"><\/div>\n<p><em>La primera autoridad comunal se reuni\u00f3 con el Jefe de la Defensa Nacional en La Araucan\u00eda, para analizar la situaci\u00f3n que aqueja a la localidad de Caj\u00f3n por las restricciones que se mantienen en los cordones sanitarios de ingreso a la comuna de Temuco.<\/em><\/p>\n\n\n\n<p>Los cordones sanitarios se han vuelto un verdadero dolor de cabeza para los habitantes de la localidad de Caj\u00f3n, comuna de Vilc\u00fan, ya que \u00e9sta medida implementada tras decreto presidencial, est\u00e1 afectando grandemente a los vecinos y vecinas que limitan con la ciudad de Temuco, quienes hoy se ven impedidos de poder ingresar a la capital regional, a realizar el abastecimiento necesario para sus familias en este tiempo de pandemia.<\/p>\n\n\n\n<p>Es por ello, que vecinos y dirigentes de Caj\u00f3n se reunieron con la Alcaldesa Susana Aguilera Vega, para plantear la problem\u00e1tica y ver la posibilidad de una soluci\u00f3n al tema que los aqueja.<\/p>\n\n\n\n<p><strong>Gestiones<\/strong><\/p>\n\n\n\n<p>Tras la reuni\u00f3n con los vecinos de la localidad, la Alcaldesa ofici\u00f3 al Jefe de la Defensa Nacional en La Araucan\u00eda, Luis Sep\u00falveda, solicitando analizar la situaci\u00f3n y ver alguna medida que flexibilice el paso de los cajoninos a Temuco para comprar en el supermercado y en la Vega Monumental, que se ubican a 5 kil\u00f3metros aproximadamente de la localidad.<\/p>\n\n\n\n<p>Asimismo, este jueves, la Alcaldesa Susana Aguilera Vega, se reuni\u00f3 en el Destacamento de Campa\u00f1a N\u00ba8 Tucapel, con el General Luis Sep\u00falveda, para analizar en profundidad la situaci\u00f3n.<\/p>\n\n\n\n<p>Si bien el General Sep\u00falveda manifest\u00f3 toda la disposici\u00f3n para poder cumplir con el llamado de entregar el m\u00e1ximo de facilidades para funcionar en forma normal en estas circunstancias que vive el pa\u00eds y la regi\u00f3n, las medidas que puede llevar a cabo se ven restringidas por el instructivo del nivel central que norma qui\u00e9n puede y no ingresar a Temuco, seg\u00fan manifest\u00f3.<\/p>\n\n\n\n<p>Pese a ello, el compromiso es buscar alguna alternativa que propicie que los vecinos y vecinas de la localidad de Caj\u00f3n puedan abastecerse de los insumos b\u00e1sicos y no queden, de alguna manera, aislados, entendiendo que gran parte de esta localidad hace su vida en la capital regional.<\/p>\n\n\n\n<p><strong>Respuesta definitiva<\/strong><\/p>\n\n\n\n<p>En ese sentido, la primera autoridad comunal se\u00f1al\u00f3 que&nbsp;<em>\u201cnos hemos reunido con el General Luis Sep\u00falveda para buscar una alternativa y soluci\u00f3n, que est\u00e9 dentro del marco legal que tienen ellos, a trav\u00e9s de este decreto gubernamental que impide muchas cosas\u201d.<\/em><\/p>\n\n\n\n<p><em>\u201cEsperamos encontrar esta soluci\u00f3n en forma conjunta. El General nos abri\u00f3 algunas posibilidades que est\u00e1n dentro de la normativa legal. No se puede correr el cord\u00f3n (sanitario) que est\u00e1 camino viejo a Caj\u00f3n, que fue uno de los primeros planteamientos, porque ya deja fuera a barrios de Temuco y eso no es permitido dentro del decreto\u201d,<\/em>&nbsp;dijo Aguilera Vega.&nbsp;<\/p>\n\n\n\n<p>Finalmente, la Alcaldesa de Vilc\u00fan, Susana Aguilera Vega, agreg\u00f3 que&nbsp;<em>\u201cpor el momento, solo queda esperar la respuesta comprometida por el Jefe de la Defensa Nacional en La Araucan\u00eda, tras revisar y analizar las posibilidades para flexibilizar el ingreso de los habitantes de Caj\u00f3n a la vecina comuna de Temuco\u201d.<\/em><\/p>\n\n\n\n<p>Cabe se\u00f1alar que, los habitantes de Caj\u00f3n para ir a la ciudad de Vilc\u00fan deben desplazarse casi 30 kil\u00f3metros, y para ir al supermercado m\u00e1s cercano, que se encuentra en Temuco, se demoran 3 a 5 minutos. La alternativa de ir a Lautaro tampoco se torna v\u00e1lida, ya que son casi 40 kil\u00f3metros de distancia, donde se incurre en m\u00e1s gastos y tiempo.&nbsp;<\/p>\n","protected":false},"excerpt":{"rendered":"<div class=\"pvc_clear\"><\/div>\n<p id=\"pvc_stats_10277\" class=\"pvc_stats total_only  \" data-element-id=\"10277\" style=\"\"><i class=\"pvc-stats-icon large\" aria-hidden=\"true\"><svg aria-hidden=\"true\" focusable=\"false\" data-prefix=\"far\" data-icon=\"chart-bar\" role=\"img\" xmlns=\"http:\/\/www.w3.org\/2000\/svg\" viewBox=\"0 0 512 512\" class=\"svg-inline--fa fa-chart-bar fa-w-16 fa-2x\"><path fill=\"currentColor\" d=\"M396.8 352h22.4c6.4 0 12.8-6.4 12.8-12.8V108.8c0-6.4-6.4-12.8-12.8-12.8h-22.4c-6.4 0-12.8 6.4-12.8 12.8v230.4c0 6.4 6.4 12.8 12.8 12.8zm-192 0h22.4c6.4 0 12.8-6.4 12.8-12.8V140.8c0-6.4-6.4-12.8-12.8-12.8h-22.4c-6.4 0-12.8 6.4-12.8 12.8v198.4c0 6.4 6.4 12.8 12.8 12.8zm96 0h22.4c6.4 0 12.8-6.4 12.8-12.8V204.8c0-6.4-6.4-12.8-12.8-12.8h-22.4c-6.4 0-12.8 6.4-12.8 12.8v134.4c0 6.4 6.4 12.8 12.8 12.8zM496 400H48V80c0-8.84-7.16-16-16-16H16C7.16 64 0 71.16 0 80v336c0 17.67 14.33 32 32 32h464c8.84 0 16-7.16 16-16v-16c0-8.84-7.16-16-16-16zm-387.2-48h22.4c6.4 0 12.8-6.4 12.8-12.8v-70.4c0-6.4-6.4-12.8-12.8-12.8h-22.4c-6.4 0-12.8 6.4-12.8 12.8v70.4c0 6.4 6.4 12.8 12.8 12.8z\" class=\"\"><\/path><\/svg><\/i> <img loading=\"lazy\" decoding=\"async\" width=\"16\" height=\"16\" alt=\"Loading\" src=\"https:\/\/temucotelevision.cl\/web\/wp-content\/plugins\/page-views-count\/ajax-loader-2x.gif\" border=0 \/><\/p>\n<div class=\"pvc_clear\"><\/div>\n<p>La primera autoridad comunal se reuni\u00f3 con el Jefe de la Defensa Nacional en La Araucan\u00eda, para analizar la situaci\u00f3n<\/p>\n","protected":false},"author":1,"featured_media":10278,"comment_status":"open","ping_status":"open","sticky":false,"template":"","format":"standard","meta":{"colormag_page_container_layout":"default_layout","colormag_page_sidebar_layout":"default_layout","footnotes":""},"categories":[14],"tags":[118],"class_list":["post-10277","post","type-post","status-publish","format-standard","has-post-thumbnail","hentry","category-temuco","tag-ingreso"],"a3_pvc":{"activated":true,"total_views":31,"today_views":0},"_links":{"self":[{"href":"https:\/\/temucotelevision.cl\/web\/wp-json\/wp\/v2\/posts\/10277","targetHints":{"allow":["GET"]}}],"collection":[{"href":"https:\/\/temucotelevision.cl\/web\/wp-json\/wp\/v2\/posts"}],"about":[{"href":"https:\/\/temucotelevision.cl\/web\/wp-json\/wp\/v2\/types\/post"}],"author":[{"embeddable":true,"href":"https:\/\/temucotelevision.cl\/web\/wp-json\/wp\/v2\/users\/1"}],"replies":[{"embeddable":true,"href":"https:\/\/temucotelevision.cl\/web\/wp-json\/wp\/v2\/comments?post=10277"}],"version-history":[{"count":1,"href":"https:\/\/temucotelevision.cl\/web\/wp-json\/wp\/v2\/posts\/10277\/revisions"}],"predecessor-version":[{"id":10279,"href":"https:\/\/temucotelevision.cl\/web\/wp-json\/wp\/v2\/posts\/10277\/revisions\/10279"}],"wp:featuredmedia":[{"embeddable":true,"href":"https:\/\/temucotelevision.cl\/web\/wp-json\/wp\/v2\/media\/10278"}],"wp:attachment":[{"href":"https:\/\/temucotelevision.cl\/web\/wp-json\/wp\/v2\/media?parent=10277"}],"wp:term":[{"taxonomy":"category","embeddable":true,"href":"https:\/\/temucotelevision.cl\/web\/wp-json\/wp\/v2\/categories?post=10277"},{"taxonomy":"post_tag","embeddable":true,"href":"https:\/\/temucotelevision.cl\/web\/wp-json\/wp\/v2\/tags?post=10277"}],"curies":[{"name":"wp","href":"https:\/\/api.w.org\/{rel}","templated":true}]}}