{"id":10274,"date":"2020-05-08T09:00:21","date_gmt":"2020-05-08T12:00:21","guid":{"rendered":"https:\/\/temucotelevision.cl\/web\/?p=10274"},"modified":"2020-05-08T00:31:17","modified_gmt":"2020-05-08T03:31:17","slug":"autoridades-fiscalizan-efectivo-cordon-sanitario-en-collipulli","status":"publish","type":"post","link":"https:\/\/temucotelevision.cl\/web\/2020\/05\/08\/autoridades-fiscalizan-efectivo-cordon-sanitario-en-collipulli\/","title":{"rendered":"Autoridades fiscalizan efectivo Cord\u00f3n Sanitario en Collipulli"},"content":{"rendered":"<div class=\"pvc_clear\"><\/div><p id=\"pvc_stats_10274\" class=\"pvc_stats total_only  \" data-element-id=\"10274\" style=\"\"><i class=\"pvc-stats-icon large\" aria-hidden=\"true\"><svg aria-hidden=\"true\" focusable=\"false\" data-prefix=\"far\" data-icon=\"chart-bar\" role=\"img\" xmlns=\"http:\/\/www.w3.org\/2000\/svg\" viewBox=\"0 0 512 512\" class=\"svg-inline--fa fa-chart-bar fa-w-16 fa-2x\"><path fill=\"currentColor\" d=\"M396.8 352h22.4c6.4 0 12.8-6.4 12.8-12.8V108.8c0-6.4-6.4-12.8-12.8-12.8h-22.4c-6.4 0-12.8 6.4-12.8 12.8v230.4c0 6.4 6.4 12.8 12.8 12.8zm-192 0h22.4c6.4 0 12.8-6.4 12.8-12.8V140.8c0-6.4-6.4-12.8-12.8-12.8h-22.4c-6.4 0-12.8 6.4-12.8 12.8v198.4c0 6.4 6.4 12.8 12.8 12.8zm96 0h22.4c6.4 0 12.8-6.4 12.8-12.8V204.8c0-6.4-6.4-12.8-12.8-12.8h-22.4c-6.4 0-12.8 6.4-12.8 12.8v134.4c0 6.4 6.4 12.8 12.8 12.8zM496 400H48V80c0-8.84-7.16-16-16-16H16C7.16 64 0 71.16 0 80v336c0 17.67 14.33 32 32 32h464c8.84 0 16-7.16 16-16v-16c0-8.84-7.16-16-16-16zm-387.2-48h22.4c6.4 0 12.8-6.4 12.8-12.8v-70.4c0-6.4-6.4-12.8-12.8-12.8h-22.4c-6.4 0-12.8 6.4-12.8 12.8v70.4c0 6.4 6.4 12.8 12.8 12.8z\" class=\"\"><\/path><\/svg><\/i> <img loading=\"lazy\" decoding=\"async\" width=\"16\" height=\"16\" alt=\"Loading\" src=\"https:\/\/temucotelevision.cl\/web\/wp-content\/plugins\/page-views-count\/ajax-loader-2x.gif\" border=0 \/><\/p><div class=\"pvc_clear\"><\/div>\n<p><br><strong>Esta ma\u00f1ana el Gobernador de Malleco, Juan Carlos Beltr\u00e1n, Seremi de Gobierno, P\u00eda Bersezio y Alcalde Manuel Macaya, realizaron fiscalizaci\u00f3n al cord\u00f3n sanitario ubicado en la entrada acceso ruta 5 sur a la comuna de Collipulli.<\/strong><br><br>En terreno como de costumbre el Gobernador, Juan Carlos Beltr\u00e1n comprob\u00f3 nuevamente la efectividad y lo minuciosos que son los funcionarios de la salud municipal realizando a diario los controles sanitarios, \u201cefectivamente hoy quiero reconocer como muchas veces lo he se\u00f1alado el trabajo del alcalde Manuel Macaya y todo el equipo de funcionarios municipales y funcionarios de la salud; la realidad es que ha sido una de las comunas m\u00e1s perseverantes y constante en el cord\u00f3n sanitario, hoy me acompa\u00f1a nuestra brillante Seremi de Gobierno P\u00eda Bersezio para verificar en terreno algunos de los cordones sanitarios donde sin lugar a dudas Collipulli es la comuna ejemplar por la constancia y perseverancia que ha tenido todo este tiempo en los distintos controles\u201d enfatiz\u00f3<br><br>Al ser consultada la Seremi de Gobierno, respecto a la forma en que se realiza este cord\u00f3n sanitario, se\u00f1al\u00f3,\u201d el cord\u00f3n sanitario es algo que claramente ha tra\u00eddo muy buenas noticias a la comuna de Collipulli, tenemos un n\u00famero muy peque\u00f1o de contagios de COVID_19, por eso es que con el Gobernador de Malleco, Juan Carlos Beltr\u00e1n y con el Alcalde, Manuel Macaya quisimos venir a hacer una fiscalizaci\u00f3n en terreno del cord\u00f3n sanitario de todos los veh\u00edculos que entran desde la carretera hacia Collipulli, Angol y otras comunas. <\/p>\n\n\n\n<p>La verdad\u00a0 es que venimos saliendo de un gabinete, donde el Intendente, V\u00edctor Manoli nos pidi\u00f3 intensificar todas las fiscalizaciones no solo de los cordones sanitarios, sino que adem\u00e1s hacer siempre el llamado a toda la poblaci\u00f3n\u00a0 a mantener todos los cuidados que han hecho las autoridades sanitarias, el uso de mascarillas, distanciamiento social, lavado constante de manos y a pesar que esta comuna no est\u00e1 en cuarenta el llamado sigue siendo a quedarse en sus casas\u201d coment\u00f3.<\/p>\n\n\n\n<p>Finalmente el Alcalde de Collipulli, Manuel Macaya hace un llamado \u201c deben estar tranquilos vamos a seguir con los cordones sanitarios m\u00e1s las sanitizaciones en la comuna de Collipulli y as\u00ed dar la seguridad a la comuna de que hoy d\u00eda en la comuna son 6 casos de coronavirus, de esos ninguno fue contagiado en nuestra comuna, por eso les pido a los vecinos qu\u00e9dense tranquilos vamos a seguir apoyando a seguir trabajando y finalmente agradecer al personal municipal del \u00e1rea de la salud, a nuestro Gobernador de Malleco, Juan Carlos Beltr\u00e1n y nuestra Seremi, P\u00eda Bersezio que vinieron o a ver como se est\u00e1 trabajando en\u00a0 el cord\u00f3n sanitario y las fiscalizaciones que realizamos en terreno\u201d concluy\u00f3.<\/p>\n","protected":false},"excerpt":{"rendered":"<div class=\"pvc_clear\"><\/div>\n<p id=\"pvc_stats_10274\" class=\"pvc_stats total_only  \" data-element-id=\"10274\" style=\"\"><i class=\"pvc-stats-icon large\" aria-hidden=\"true\"><svg aria-hidden=\"true\" focusable=\"false\" data-prefix=\"far\" data-icon=\"chart-bar\" role=\"img\" xmlns=\"http:\/\/www.w3.org\/2000\/svg\" viewBox=\"0 0 512 512\" class=\"svg-inline--fa fa-chart-bar fa-w-16 fa-2x\"><path fill=\"currentColor\" d=\"M396.8 352h22.4c6.4 0 12.8-6.4 12.8-12.8V108.8c0-6.4-6.4-12.8-12.8-12.8h-22.4c-6.4 0-12.8 6.4-12.8 12.8v230.4c0 6.4 6.4 12.8 12.8 12.8zm-192 0h22.4c6.4 0 12.8-6.4 12.8-12.8V140.8c0-6.4-6.4-12.8-12.8-12.8h-22.4c-6.4 0-12.8 6.4-12.8 12.8v198.4c0 6.4 6.4 12.8 12.8 12.8zm96 0h22.4c6.4 0 12.8-6.4 12.8-12.8V204.8c0-6.4-6.4-12.8-12.8-12.8h-22.4c-6.4 0-12.8 6.4-12.8 12.8v134.4c0 6.4 6.4 12.8 12.8 12.8zM496 400H48V80c0-8.84-7.16-16-16-16H16C7.16 64 0 71.16 0 80v336c0 17.67 14.33 32 32 32h464c8.84 0 16-7.16 16-16v-16c0-8.84-7.16-16-16-16zm-387.2-48h22.4c6.4 0 12.8-6.4 12.8-12.8v-70.4c0-6.4-6.4-12.8-12.8-12.8h-22.4c-6.4 0-12.8 6.4-12.8 12.8v70.4c0 6.4 6.4 12.8 12.8 12.8z\" class=\"\"><\/path><\/svg><\/i> <img loading=\"lazy\" decoding=\"async\" width=\"16\" height=\"16\" alt=\"Loading\" src=\"https:\/\/temucotelevision.cl\/web\/wp-content\/plugins\/page-views-count\/ajax-loader-2x.gif\" border=0 \/><\/p>\n<div class=\"pvc_clear\"><\/div>\n<p>Esta ma\u00f1ana el Gobernador de Malleco, Juan Carlos Beltr\u00e1n, Seremi de Gobierno, P\u00eda Bersezio y Alcalde Manuel Macaya, realizaron fiscalizaci\u00f3n<\/p>\n","protected":false},"author":1,"featured_media":10275,"comment_status":"open","ping_status":"open","sticky":false,"template":"","format":"standard","meta":{"colormag_page_container_layout":"default_layout","colormag_page_sidebar_layout":"default_layout","footnotes":""},"categories":[15],"tags":[745,1745],"class_list":["post-10274","post","type-post","status-publish","format-standard","has-post-thumbnail","hentry","category-la-araucania","tag-autoridades","tag-fiscalizacion"],"a3_pvc":{"activated":true,"total_views":38,"today_views":0},"_links":{"self":[{"href":"https:\/\/temucotelevision.cl\/web\/wp-json\/wp\/v2\/posts\/10274","targetHints":{"allow":["GET"]}}],"collection":[{"href":"https:\/\/temucotelevision.cl\/web\/wp-json\/wp\/v2\/posts"}],"about":[{"href":"https:\/\/temucotelevision.cl\/web\/wp-json\/wp\/v2\/types\/post"}],"author":[{"embeddable":true,"href":"https:\/\/temucotelevision.cl\/web\/wp-json\/wp\/v2\/users\/1"}],"replies":[{"embeddable":true,"href":"https:\/\/temucotelevision.cl\/web\/wp-json\/wp\/v2\/comments?post=10274"}],"version-history":[{"count":1,"href":"https:\/\/temucotelevision.cl\/web\/wp-json\/wp\/v2\/posts\/10274\/revisions"}],"predecessor-version":[{"id":10276,"href":"https:\/\/temucotelevision.cl\/web\/wp-json\/wp\/v2\/posts\/10274\/revisions\/10276"}],"wp:featuredmedia":[{"embeddable":true,"href":"https:\/\/temucotelevision.cl\/web\/wp-json\/wp\/v2\/media\/10275"}],"wp:attachment":[{"href":"https:\/\/temucotelevision.cl\/web\/wp-json\/wp\/v2\/media?parent=10274"}],"wp:term":[{"taxonomy":"category","embeddable":true,"href":"https:\/\/temucotelevision.cl\/web\/wp-json\/wp\/v2\/categories?post=10274"},{"taxonomy":"post_tag","embeddable":true,"href":"https:\/\/temucotelevision.cl\/web\/wp-json\/wp\/v2\/tags?post=10274"}],"curies":[{"name":"wp","href":"https:\/\/api.w.org\/{rel}","templated":true}]}}