{"id":10268,"date":"2020-05-08T00:06:49","date_gmt":"2020-05-08T03:06:49","guid":{"rendered":"https:\/\/temucotelevision.cl\/web\/?p=10268"},"modified":"2020-05-08T00:06:51","modified_gmt":"2020-05-08T03:06:51","slug":"carabineros-del-sebv-recupera-camioneta-y-patentes-robadas-que-se-vendian-por-facebook%ef%bb%bf","status":"publish","type":"post","link":"https:\/\/temucotelevision.cl\/web\/2020\/05\/08\/carabineros-del-sebv-recupera-camioneta-y-patentes-robadas-que-se-vendian-por-facebook%ef%bb%bf\/","title":{"rendered":"Carabineros del SEBV recupera camioneta y patentes robadas que se vend\u00edan por Facebook\ufeff"},"content":{"rendered":"<div class=\"pvc_clear\"><\/div><p id=\"pvc_stats_10268\" class=\"pvc_stats total_only  \" data-element-id=\"10268\" style=\"\"><i class=\"pvc-stats-icon large\" aria-hidden=\"true\"><svg aria-hidden=\"true\" focusable=\"false\" data-prefix=\"far\" data-icon=\"chart-bar\" role=\"img\" xmlns=\"http:\/\/www.w3.org\/2000\/svg\" viewBox=\"0 0 512 512\" class=\"svg-inline--fa fa-chart-bar fa-w-16 fa-2x\"><path fill=\"currentColor\" d=\"M396.8 352h22.4c6.4 0 12.8-6.4 12.8-12.8V108.8c0-6.4-6.4-12.8-12.8-12.8h-22.4c-6.4 0-12.8 6.4-12.8 12.8v230.4c0 6.4 6.4 12.8 12.8 12.8zm-192 0h22.4c6.4 0 12.8-6.4 12.8-12.8V140.8c0-6.4-6.4-12.8-12.8-12.8h-22.4c-6.4 0-12.8 6.4-12.8 12.8v198.4c0 6.4 6.4 12.8 12.8 12.8zm96 0h22.4c6.4 0 12.8-6.4 12.8-12.8V204.8c0-6.4-6.4-12.8-12.8-12.8h-22.4c-6.4 0-12.8 6.4-12.8 12.8v134.4c0 6.4 6.4 12.8 12.8 12.8zM496 400H48V80c0-8.84-7.16-16-16-16H16C7.16 64 0 71.16 0 80v336c0 17.67 14.33 32 32 32h464c8.84 0 16-7.16 16-16v-16c0-8.84-7.16-16-16-16zm-387.2-48h22.4c6.4 0 12.8-6.4 12.8-12.8v-70.4c0-6.4-6.4-12.8-12.8-12.8h-22.4c-6.4 0-12.8 6.4-12.8 12.8v70.4c0 6.4 6.4 12.8 12.8 12.8z\" class=\"\"><\/path><\/svg><\/i> <img loading=\"lazy\" decoding=\"async\" width=\"16\" height=\"16\" alt=\"Loading\" src=\"https:\/\/temucotelevision.cl\/web\/wp-content\/plugins\/page-views-count\/ajax-loader-2x.gif\" border=0 \/><\/p><div class=\"pvc_clear\"><\/div>\n<p><em>Carabineros de la Secci\u00f3n Encargo y B\u00fasqueda de Veh\u00edculos (SEBV) logr\u00f3 la detenci\u00f3n de un sujeto por los delitos de receptaci\u00f3n y uso malicioso de instrumento p\u00fablico. La camioneta, era ofrecida a un precio muy inferior al de mercado, lo que llam\u00f3 la atenci\u00f3n de eventuales clientes que sin querer, alertaron a la v\u00edctima.<\/em><\/p>\n\n\n\n<p>La venta de una camioneta marca Nissan a un llamativo precio, permiti\u00f3 a Carabineros del SEBV Araucan\u00eda esclarecer dos delitos de robo ocurridos en La Serena y Padre Las Casas, en 2018. Esto, a ra\u00edz de una denuncia por robo de las placas patentes de una camioneta de iguales caracter\u00edsticas en Padre Las Casas en octubre de 2018, las que usaron para \u201cblanquear\u201d la camioneta robada meses antes en La Serena y as\u00ed venderla asegurando que manten\u00eda \u201cprenda\u201d para no levantar sospechas por el bajo precio que ofrec\u00edan por ella: $6.500.000 por un veh\u00edculo cuyo costo bordear\u00eda originalmente los $15.000.000.<\/p>\n\n\n\n<p>En la p\u00e1gina de Facebook \u201cAutos en prenda Chile, sin estafas, solo due\u00f1os originales\u201d, varias personas se interesaron por la camioneta, algunos menos confiados buscaron al due\u00f1o del veh\u00edculo a trav\u00e9s de la numeraci\u00f3n de las placas patentes llegando as\u00ed a la v\u00edctima, quien de inmediato les se\u00f1al\u00f3 que esas patentes le hab\u00edan sido robadas en 2018 en su domicilio en Padre Las Casas.<\/p>\n\n\n\n<p>\u201cEl veh\u00edculo estaba publicado en una p\u00e1gina de Facebook y me contactaron para pedirme la transferencia del m\u00f3vil. Ah\u00ed me enviaron los pantallazos yo les dec\u00eda cu\u00e1l era la situaci\u00f3n del veh\u00edculo para que no cayeran en una estafa. Le entregu\u00e9 la informaci\u00f3n a Carabineros. Lo trataron de vender y pudimos dar con su paradero. Yo por mientras funcion\u00e9 con los duplicados de las patentes porque es mi veh\u00edculo de trabajo\u201d, se\u00f1al\u00f3 C\u00e9sar Lonc\u00f3n, v\u00edctima del robo de las patentes quien agraci\u00f3 a Carabineros por su trabajo.<\/p>\n\n\n\n<p>La oportuna denuncia y aviso de la v\u00edctima, permiti\u00f3 a Carabineros del SEBV Araucan\u00eda realizar una serie de diligencias investigativas que los llevaron hasta la Uni\u00f3n en la Regi\u00f3n de Los R\u00edos, donde el en las \u00faltimas horas recuperaron el veh\u00edculo con las patentes robadas, logrando la detenci\u00f3n de un hombre de 42 a\u00f1os de edad por el delito de receptaci\u00f3n y uso malicioso de instrumento p\u00fablico.<\/p>\n\n\n\n<p>\u201cLa v\u00edctima aport\u00f3 antecedentes necesario para llevar a buen t\u00e9rmino la investigaci\u00f3n. Los primero es el llamado a denunciar hechos como robo o extrav\u00edos de placas patentes porque se puede hacer un mal uso como en esta situaci\u00f3n, y lo otro, que cuando se haga una compra o transferencia se realice en forma correcta ya que hay casos de fraude, personas que ofrecen veh\u00edculos con prenda que pueden derivar en situaciones como la que estamos viendo en esta oportunidad\u201d, recomend\u00f3 la Mayor Ximena Valle Pereira, comisario 8a. Comisar\u00eda Temuco.<\/p>\n","protected":false},"excerpt":{"rendered":"<div class=\"pvc_clear\"><\/div>\n<p id=\"pvc_stats_10268\" class=\"pvc_stats total_only  \" data-element-id=\"10268\" style=\"\"><i class=\"pvc-stats-icon large\" aria-hidden=\"true\"><svg aria-hidden=\"true\" focusable=\"false\" data-prefix=\"far\" data-icon=\"chart-bar\" role=\"img\" xmlns=\"http:\/\/www.w3.org\/2000\/svg\" viewBox=\"0 0 512 512\" class=\"svg-inline--fa fa-chart-bar fa-w-16 fa-2x\"><path fill=\"currentColor\" d=\"M396.8 352h22.4c6.4 0 12.8-6.4 12.8-12.8V108.8c0-6.4-6.4-12.8-12.8-12.8h-22.4c-6.4 0-12.8 6.4-12.8 12.8v230.4c0 6.4 6.4 12.8 12.8 12.8zm-192 0h22.4c6.4 0 12.8-6.4 12.8-12.8V140.8c0-6.4-6.4-12.8-12.8-12.8h-22.4c-6.4 0-12.8 6.4-12.8 12.8v198.4c0 6.4 6.4 12.8 12.8 12.8zm96 0h22.4c6.4 0 12.8-6.4 12.8-12.8V204.8c0-6.4-6.4-12.8-12.8-12.8h-22.4c-6.4 0-12.8 6.4-12.8 12.8v134.4c0 6.4 6.4 12.8 12.8 12.8zM496 400H48V80c0-8.84-7.16-16-16-16H16C7.16 64 0 71.16 0 80v336c0 17.67 14.33 32 32 32h464c8.84 0 16-7.16 16-16v-16c0-8.84-7.16-16-16-16zm-387.2-48h22.4c6.4 0 12.8-6.4 12.8-12.8v-70.4c0-6.4-6.4-12.8-12.8-12.8h-22.4c-6.4 0-12.8 6.4-12.8 12.8v70.4c0 6.4 6.4 12.8 12.8 12.8z\" class=\"\"><\/path><\/svg><\/i> <img loading=\"lazy\" decoding=\"async\" width=\"16\" height=\"16\" alt=\"Loading\" src=\"https:\/\/temucotelevision.cl\/web\/wp-content\/plugins\/page-views-count\/ajax-loader-2x.gif\" border=0 \/><\/p>\n<div class=\"pvc_clear\"><\/div>\n<p>Carabineros de la Secci\u00f3n Encargo y B\u00fasqueda de Veh\u00edculos (SEBV) logr\u00f3 la detenci\u00f3n de un sujeto por los delitos de<\/p>\n","protected":false},"author":1,"featured_media":10270,"comment_status":"open","ping_status":"open","sticky":false,"template":"","format":"standard","meta":{"colormag_page_container_layout":"default_layout","colormag_page_sidebar_layout":"default_layout","footnotes":""},"categories":[16],"tags":[138],"class_list":["post-10268","post","type-post","status-publish","format-standard","has-post-thumbnail","hentry","category-policial","tag-robo"],"a3_pvc":{"activated":true,"total_views":42,"today_views":0},"_links":{"self":[{"href":"https:\/\/temucotelevision.cl\/web\/wp-json\/wp\/v2\/posts\/10268","targetHints":{"allow":["GET"]}}],"collection":[{"href":"https:\/\/temucotelevision.cl\/web\/wp-json\/wp\/v2\/posts"}],"about":[{"href":"https:\/\/temucotelevision.cl\/web\/wp-json\/wp\/v2\/types\/post"}],"author":[{"embeddable":true,"href":"https:\/\/temucotelevision.cl\/web\/wp-json\/wp\/v2\/users\/1"}],"replies":[{"embeddable":true,"href":"https:\/\/temucotelevision.cl\/web\/wp-json\/wp\/v2\/comments?post=10268"}],"version-history":[{"count":1,"href":"https:\/\/temucotelevision.cl\/web\/wp-json\/wp\/v2\/posts\/10268\/revisions"}],"predecessor-version":[{"id":10271,"href":"https:\/\/temucotelevision.cl\/web\/wp-json\/wp\/v2\/posts\/10268\/revisions\/10271"}],"wp:featuredmedia":[{"embeddable":true,"href":"https:\/\/temucotelevision.cl\/web\/wp-json\/wp\/v2\/media\/10270"}],"wp:attachment":[{"href":"https:\/\/temucotelevision.cl\/web\/wp-json\/wp\/v2\/media?parent=10268"}],"wp:term":[{"taxonomy":"category","embeddable":true,"href":"https:\/\/temucotelevision.cl\/web\/wp-json\/wp\/v2\/categories?post=10268"},{"taxonomy":"post_tag","embeddable":true,"href":"https:\/\/temucotelevision.cl\/web\/wp-json\/wp\/v2\/tags?post=10268"}],"curies":[{"name":"wp","href":"https:\/\/api.w.org\/{rel}","templated":true}]}}