{"id":10263,"date":"2020-05-07T21:50:06","date_gmt":"2020-05-08T00:50:06","guid":{"rendered":"https:\/\/temucotelevision.cl\/web\/?p=10263"},"modified":"2020-05-07T21:50:48","modified_gmt":"2020-05-08T00:50:48","slug":"tribunal-de-temuco-condena-a-4-anos-de-libertad-vigilada-y-pago-de-147-603-104-a-autor-de-conduccion-en-estado-de-ebriedad-generando-lesiones","status":"publish","type":"post","link":"https:\/\/temucotelevision.cl\/web\/2020\/05\/07\/tribunal-de-temuco-condena-a-4-anos-de-libertad-vigilada-y-pago-de-147-603-104-a-autor-de-conduccion-en-estado-de-ebriedad-generando-lesiones\/","title":{"rendered":"Tribunal de Temuco condena a 4 a\u00f1os de libertad vigilada y pago de $147.603.104 a autor de conducci\u00f3n en estado de ebriedad generando lesiones"},"content":{"rendered":"<div class=\"pvc_clear\"><\/div><p id=\"pvc_stats_10263\" class=\"pvc_stats total_only  \" data-element-id=\"10263\" style=\"\"><i class=\"pvc-stats-icon large\" aria-hidden=\"true\"><svg aria-hidden=\"true\" focusable=\"false\" data-prefix=\"far\" data-icon=\"chart-bar\" role=\"img\" xmlns=\"http:\/\/www.w3.org\/2000\/svg\" viewBox=\"0 0 512 512\" class=\"svg-inline--fa fa-chart-bar fa-w-16 fa-2x\"><path fill=\"currentColor\" d=\"M396.8 352h22.4c6.4 0 12.8-6.4 12.8-12.8V108.8c0-6.4-6.4-12.8-12.8-12.8h-22.4c-6.4 0-12.8 6.4-12.8 12.8v230.4c0 6.4 6.4 12.8 12.8 12.8zm-192 0h22.4c6.4 0 12.8-6.4 12.8-12.8V140.8c0-6.4-6.4-12.8-12.8-12.8h-22.4c-6.4 0-12.8 6.4-12.8 12.8v198.4c0 6.4 6.4 12.8 12.8 12.8zm96 0h22.4c6.4 0 12.8-6.4 12.8-12.8V204.8c0-6.4-6.4-12.8-12.8-12.8h-22.4c-6.4 0-12.8 6.4-12.8 12.8v134.4c0 6.4 6.4 12.8 12.8 12.8zM496 400H48V80c0-8.84-7.16-16-16-16H16C7.16 64 0 71.16 0 80v336c0 17.67 14.33 32 32 32h464c8.84 0 16-7.16 16-16v-16c0-8.84-7.16-16-16-16zm-387.2-48h22.4c6.4 0 12.8-6.4 12.8-12.8v-70.4c0-6.4-6.4-12.8-12.8-12.8h-22.4c-6.4 0-12.8 6.4-12.8 12.8v70.4c0 6.4 6.4 12.8 12.8 12.8z\" class=\"\"><\/path><\/svg><\/i> <img loading=\"lazy\" decoding=\"async\" width=\"16\" height=\"16\" alt=\"Loading\" src=\"https:\/\/temucotelevision.cl\/web\/wp-content\/plugins\/page-views-count\/ajax-loader-2x.gif\" border=0 \/><\/p><div class=\"pvc_clear\"><\/div>\n<p>El Tribunal de Juicio Oral en lo Penal de Temuco conden\u00f3 a&nbsp;<strong>H\u00e9ctor Miguel Aranda Osses<\/strong>&nbsp;a la pena de 4 a\u00f1os de presidio, con el beneficio de la libertad vigilada intensiva, en calidad de autor de los delitos consumados de conducci\u00f3n de veh\u00edculo motorizado en estado de ebriedad causando da\u00f1os, lesiones menos graves, lesiones graves y lesiones graves grav\u00edsimas. Il\u00edcitos perpetrados en mayo de 2018, en la comuna de Padre Las Casas.<\/p>\n\n\n\n<p>En fallo un\u00e1nime, el tribunal \u2013integrado por los magistrados Luis Torres Sanhueza (presidente) y Patricia Abollado Vivanco (redactora)\u2013 aplic\u00f3, adem\u00e1s, a Aranda Osses las accesorias legales de inhabilidad perpetua para conducir veh\u00edculos de tracci\u00f3n mec\u00e1nica, inhabilitaci\u00f3n absoluta perpetua para derechos pol\u00edticos y la inhabilitaci\u00f3n absoluta para cargos y oficios p\u00fablicos mientras dure la condena; m\u00e1s el pago de las costas de la causa, una multa de 8 UTM y el comiso de la camioneta Mazda de propiedad del condenado.<\/p>\n\n\n\n<p>En el aspecto civil, el tribunal conden\u00f3 a H\u00e9ctor Aranda Osses a pagar la suma de $47.603.104 por concepto de lucro cesante y $100.000.000 por concepto de da\u00f1o moral, a la v\u00edctima Hengerbelt Gerhald Silva Figueroa.<\/p>\n\n\n\n<p>El tribunal dio por acreditado, m\u00e1s all\u00e1 de toda duda razonable, que aproximadamente a las 5.25 horas del 12 de mayo de 2018, \u201cAranda Osses, encontr\u00e1ndose en estado de ebriedad, condujo la camioneta de su propiedad, marca Mazda, placa patente JWBR-71, por la Ruta Longitudinal Sur, a la altura del km. 2 de la comuna de Padre Las Casas. En ese lugar y a ra\u00edz de su estado et\u00edlico, choc\u00f3 al autom\u00f3vil marca Kia placa patente KCHK-13, conducido por Daniel Barrales Bustos, que se encontraba detenido y con luces intermitentes, para luego impactar con la parte frontal de su camioneta, al cami\u00f3n placa patente CFTB-90, con remolque placa patente JA-7111, conducido por Bernardino Aguilera Mondaca, resultando todos los veh\u00edculos con da\u00f1os\u201d.<\/p>\n\n\n\n<p>\u201cA consecuencia de lo anterior, los pasajeros de la camioneta conducida por el acusado resultaron con las siguientes lesiones: Juan Carlos Curiqueo Raillal, con herida cortante contusa, policontuso, lesiones menos graves; Claudio Huenuqueo Contreras, con fractura de tobillo derecho, policontuso, lesiones de car\u00e1cter grave; Luis Manr\u00edquez Mu\u00f1oz, con fractura bilateral antebrazo, luxaci\u00f3n de cadera izquierda de car\u00e1cter grave,&nbsp;y&nbsp;<strong>HENGELBERT SILVA FIGUEROA<\/strong>, con traumatismo enc\u00e9falo craneano grave, fractura parietal temporal desplazada, contusi\u00f3n pulmonar, traumatismo tor\u00e1cico, traumatismo maxilofacial, entre otras, lesiones graves grav\u00edsimas, que lo har\u00e1n quedar con secuelas neurol\u00f3gicas, que le impiden la movilizaci\u00f3n espont\u00e1nea, la comunicaci\u00f3n con el medio, y cualquier otra acci\u00f3n voluntaria de autovalencia, y que de no haber existido una atenci\u00f3n m\u00e9dica oportuna y eficaz, la v\u00edctima habr\u00eda fallecido\u201d, a\u00f1ade.<\/p>\n\n\n\n<p>El examen de alcoholemia practicado a Aranda Osses, arroj\u00f3 que como resultado: 1.43 gramos de alcohol por mil en la sangre.<\/p>\n","protected":false},"excerpt":{"rendered":"<div class=\"pvc_clear\"><\/div>\n<p id=\"pvc_stats_10263\" class=\"pvc_stats total_only  \" data-element-id=\"10263\" style=\"\"><i class=\"pvc-stats-icon large\" aria-hidden=\"true\"><svg aria-hidden=\"true\" focusable=\"false\" data-prefix=\"far\" data-icon=\"chart-bar\" role=\"img\" xmlns=\"http:\/\/www.w3.org\/2000\/svg\" viewBox=\"0 0 512 512\" class=\"svg-inline--fa fa-chart-bar fa-w-16 fa-2x\"><path fill=\"currentColor\" d=\"M396.8 352h22.4c6.4 0 12.8-6.4 12.8-12.8V108.8c0-6.4-6.4-12.8-12.8-12.8h-22.4c-6.4 0-12.8 6.4-12.8 12.8v230.4c0 6.4 6.4 12.8 12.8 12.8zm-192 0h22.4c6.4 0 12.8-6.4 12.8-12.8V140.8c0-6.4-6.4-12.8-12.8-12.8h-22.4c-6.4 0-12.8 6.4-12.8 12.8v198.4c0 6.4 6.4 12.8 12.8 12.8zm96 0h22.4c6.4 0 12.8-6.4 12.8-12.8V204.8c0-6.4-6.4-12.8-12.8-12.8h-22.4c-6.4 0-12.8 6.4-12.8 12.8v134.4c0 6.4 6.4 12.8 12.8 12.8zM496 400H48V80c0-8.84-7.16-16-16-16H16C7.16 64 0 71.16 0 80v336c0 17.67 14.33 32 32 32h464c8.84 0 16-7.16 16-16v-16c0-8.84-7.16-16-16-16zm-387.2-48h22.4c6.4 0 12.8-6.4 12.8-12.8v-70.4c0-6.4-6.4-12.8-12.8-12.8h-22.4c-6.4 0-12.8 6.4-12.8 12.8v70.4c0 6.4 6.4 12.8 12.8 12.8z\" class=\"\"><\/path><\/svg><\/i> <img loading=\"lazy\" decoding=\"async\" width=\"16\" height=\"16\" alt=\"Loading\" src=\"https:\/\/temucotelevision.cl\/web\/wp-content\/plugins\/page-views-count\/ajax-loader-2x.gif\" border=0 \/><\/p>\n<div class=\"pvc_clear\"><\/div>\n<p>El Tribunal de Juicio Oral en lo Penal de Temuco conden\u00f3 a&nbsp;H\u00e9ctor Miguel Aranda Osses&nbsp;a la pena de 4 a\u00f1os<\/p>\n","protected":false},"author":1,"featured_media":9743,"comment_status":"open","ping_status":"open","sticky":false,"template":"","format":"standard","meta":{"colormag_page_container_layout":"default_layout","colormag_page_sidebar_layout":"default_layout","footnotes":""},"categories":[14],"tags":[220],"class_list":["post-10263","post","type-post","status-publish","format-standard","has-post-thumbnail","hentry","category-temuco","tag-libertad"],"a3_pvc":{"activated":true,"total_views":112,"today_views":0},"_links":{"self":[{"href":"https:\/\/temucotelevision.cl\/web\/wp-json\/wp\/v2\/posts\/10263","targetHints":{"allow":["GET"]}}],"collection":[{"href":"https:\/\/temucotelevision.cl\/web\/wp-json\/wp\/v2\/posts"}],"about":[{"href":"https:\/\/temucotelevision.cl\/web\/wp-json\/wp\/v2\/types\/post"}],"author":[{"embeddable":true,"href":"https:\/\/temucotelevision.cl\/web\/wp-json\/wp\/v2\/users\/1"}],"replies":[{"embeddable":true,"href":"https:\/\/temucotelevision.cl\/web\/wp-json\/wp\/v2\/comments?post=10263"}],"version-history":[{"count":1,"href":"https:\/\/temucotelevision.cl\/web\/wp-json\/wp\/v2\/posts\/10263\/revisions"}],"predecessor-version":[{"id":10264,"href":"https:\/\/temucotelevision.cl\/web\/wp-json\/wp\/v2\/posts\/10263\/revisions\/10264"}],"wp:featuredmedia":[{"embeddable":true,"href":"https:\/\/temucotelevision.cl\/web\/wp-json\/wp\/v2\/media\/9743"}],"wp:attachment":[{"href":"https:\/\/temucotelevision.cl\/web\/wp-json\/wp\/v2\/media?parent=10263"}],"wp:term":[{"taxonomy":"category","embeddable":true,"href":"https:\/\/temucotelevision.cl\/web\/wp-json\/wp\/v2\/categories?post=10263"},{"taxonomy":"post_tag","embeddable":true,"href":"https:\/\/temucotelevision.cl\/web\/wp-json\/wp\/v2\/tags?post=10263"}],"curies":[{"name":"wp","href":"https:\/\/api.w.org\/{rel}","templated":true}]}}