{"id":10256,"date":"2020-05-07T21:00:59","date_gmt":"2020-05-08T00:00:59","guid":{"rendered":"https:\/\/temucotelevision.cl\/web\/?p=10256"},"modified":"2020-05-07T21:45:02","modified_gmt":"2020-05-08T00:45:02","slug":"servicio-de-salud-araucania-sur-implemento-recursos-tecnologicos-para-conectar-a-pacientes-con-sus-familias%ef%bb%bf","status":"publish","type":"post","link":"https:\/\/temucotelevision.cl\/web\/2020\/05\/07\/servicio-de-salud-araucania-sur-implemento-recursos-tecnologicos-para-conectar-a-pacientes-con-sus-familias%ef%bb%bf\/","title":{"rendered":"Servicio de Salud Araucan\u00eda Sur implement\u00f3 recursos tecnol\u00f3gicos para conectar a pacientes con sus familias\ufeff"},"content":{"rendered":"<div class=\"pvc_clear\"><\/div><p id=\"pvc_stats_10256\" class=\"pvc_stats total_only  \" data-element-id=\"10256\" style=\"\"><i class=\"pvc-stats-icon large\" aria-hidden=\"true\"><svg aria-hidden=\"true\" focusable=\"false\" data-prefix=\"far\" data-icon=\"chart-bar\" role=\"img\" xmlns=\"http:\/\/www.w3.org\/2000\/svg\" viewBox=\"0 0 512 512\" class=\"svg-inline--fa fa-chart-bar fa-w-16 fa-2x\"><path fill=\"currentColor\" d=\"M396.8 352h22.4c6.4 0 12.8-6.4 12.8-12.8V108.8c0-6.4-6.4-12.8-12.8-12.8h-22.4c-6.4 0-12.8 6.4-12.8 12.8v230.4c0 6.4 6.4 12.8 12.8 12.8zm-192 0h22.4c6.4 0 12.8-6.4 12.8-12.8V140.8c0-6.4-6.4-12.8-12.8-12.8h-22.4c-6.4 0-12.8 6.4-12.8 12.8v198.4c0 6.4 6.4 12.8 12.8 12.8zm96 0h22.4c6.4 0 12.8-6.4 12.8-12.8V204.8c0-6.4-6.4-12.8-12.8-12.8h-22.4c-6.4 0-12.8 6.4-12.8 12.8v134.4c0 6.4 6.4 12.8 12.8 12.8zM496 400H48V80c0-8.84-7.16-16-16-16H16C7.16 64 0 71.16 0 80v336c0 17.67 14.33 32 32 32h464c8.84 0 16-7.16 16-16v-16c0-8.84-7.16-16-16-16zm-387.2-48h22.4c6.4 0 12.8-6.4 12.8-12.8v-70.4c0-6.4-6.4-12.8-12.8-12.8h-22.4c-6.4 0-12.8 6.4-12.8 12.8v70.4c0 6.4 6.4 12.8 12.8 12.8z\" class=\"\"><\/path><\/svg><\/i> <img loading=\"lazy\" decoding=\"async\" width=\"16\" height=\"16\" alt=\"Loading\" src=\"https:\/\/temucotelevision.cl\/web\/wp-content\/plugins\/page-views-count\/ajax-loader-2x.gif\" border=0 \/><\/p><div class=\"pvc_clear\"><\/div>\n<p><strong>Conectividad Wifi y tablets permite a pacientes que, por las circunstancias sanitarias actuales, se comuniquen con sus familias ante la imposibilidad de recibir visitas.<\/strong><\/p>\n\n\n\n<p>Conmovidos por la dificultad que significa para cientos de pacientes con COVID-19 comunicarse con sus familiares y para aquellos que, a fin de evitar riesgos de contagios y que se encuentran hospitalizados por otras patolog\u00edas o porque han dado a luz; el Servicio de Salud Araucan\u00eda Sur, apoyados por un grupo de personas an\u00f3nimas adquirieron 30 tablets que fueron distribuidos a los hospitales de mediana y alta complejidad de la Red Asistencial, que han habilitado conectividad Wifi gratuita para los usuarios.<\/p>\n\n\n\n<p>Seg\u00fan coment\u00f3 Patricio Esparza, organizador de esta donaci\u00f3n, esto parti\u00f3 porque \u201chace un tiempo atr\u00e1s conversando con otras personas hablando del aislamiento que lamentablemente sufr\u00edan todos los hospitales, los centros salud, no solamente aquellas personas que estaban aisladas por coronavirus sino que tambi\u00e9n algunas anexas que deb\u00edan sufrir dicha condici\u00f3n dado que hab\u00edan pacientes coronavirus que no era posible visitarlos hasta que se mejoraran o en definitiva hasta que hasta que superan esta condici\u00f3n de infectado surgi\u00f3 y comenc\u00e9 a hacer unas consultas servicio salud a trav\u00e9s de unos amigos\u201d all\u00ed seg\u00fan explica se determin\u00f3 que la forma de colaborar con estas personas, era entregando un n\u00famero importante de estos dispositivos m\u00f3viles.<\/p>\n\n\n\n<p>Esparza explica que \u201cah\u00ed apareci\u00f3 la idea de poder juntar recursos y para lo cual yo me contact\u00e9 con amigos, empresarios amigos, gente de gobierno, gente de partidos pol\u00edticos, desde varios lugares que tuvieron una disposici\u00f3n &nbsp;de ayudarme, acompa\u00f1arme y as\u00ed juntar alrededor de 30 tablets que pudimos donar a este Servicio, con el la finalidad de que se pudieran hacer estas videollamadas y as\u00ed poder acercar a la gente a sus seres queridos y evitar este distanciamiento obligatorio que hace m\u00e1s dram\u00e1tico la lucha contra este virus\u201d.<\/p>\n\n\n\n<p>Los recursos fueron distribuidos en los hospitales Nodo del Servicio de Salud Araucan\u00eda Sur, vale decir en Imperial, Pitrufqu\u00e9n, Villarrica y Lautaro que se suman al Hospital Hern\u00e1n Henr\u00edquez Aravena de Temuco.\u00a0<\/p>\n\n\n\n<div class=\"wp-block-image\"><figure class=\"alignleft is-resized\"><img loading=\"lazy\" decoding=\"async\" src=\"https:\/\/temucotelevision.cl\/web\/wp-content\/uploads\/2020\/05\/videollamadaRN-576x1024.jpg\" alt=\"\" class=\"wp-image-10260\" width=\"172\" height=\"306\" srcset=\"https:\/\/temucotelevision.cl\/web\/wp-content\/uploads\/2020\/05\/videollamadaRN-576x1024.jpg 576w, https:\/\/temucotelevision.cl\/web\/wp-content\/uploads\/2020\/05\/videollamadaRN.jpg 720w\" sizes=\"auto, (max-width: 172px) 100vw, 172px\" \/><\/figure><\/div>\n\n\n\n<p>Uno de los establecimientos en poner en uso la tecnolog\u00eda es el Hospital de Lautaro, ocasi\u00f3n en que su directora, Dra. Ang\u00e9lica Barr\u00eda destac\u00f3 \u201cestamos muy agradecidos est\u00e1 fuerte porque nos va a permitir que nuestros usuarios que est\u00e1n complicados puedan contactarse con su familia va a ser muy valioso tanto para el enfermo como para la familia y yo creo que siempre va esto a contribuir al bienestar de mentalmente del paciente en situaciones tan complejas como el que vivimos hoy\u201d.<\/p>\n\n\n\n<p>Por ello tanto el director del Servicio de Salud Araucan\u00eda Sur, Ren\u00e9 Lopetegui, como Patricio Esparza, agradecieron el aporte voluntario y desinteresado de particulares que unieron esfuerzos por colaborar con solucionar aquellos aspectos emocionales que trae consigo esta pandemia.<\/p>\n\n\n\n<div class=\"wp-block-image\"><figure class=\"alignleft is-resized\"><img loading=\"lazy\" decoding=\"async\" src=\"https:\/\/temucotelevision.cl\/web\/wp-content\/uploads\/2020\/05\/tablets.jpg\" alt=\"\" class=\"wp-image-10261\" width=\"203\" height=\"152\" srcset=\"https:\/\/temucotelevision.cl\/web\/wp-content\/uploads\/2020\/05\/tablets.jpg 800w, https:\/\/temucotelevision.cl\/web\/wp-content\/uploads\/2020\/05\/tablets-768x576.jpg 768w\" sizes=\"auto, (max-width: 203px) 100vw, 203px\" \/><\/figure><\/div>\n\n\n\n<p>\u201cYo solamente quiero agradecer a todos aquellos que confiaron en m\u00ed y que sin pensarlo muchos de ellos me dijeron yo estoy, colegas de trabajo e incluso amigos que fueron ayudando con distintas sumas de dinero, con tablets usadas algunas, pero la mayor\u00eda fue dinero que me permitieron adquirir varias tablets nuevas que van a estar a disposici\u00f3n del Servicio de Salud y ser usadas por estos pacientes\u201d indic\u00f3 Esparza.<\/p>\n","protected":false},"excerpt":{"rendered":"<div class=\"pvc_clear\"><\/div>\n<p id=\"pvc_stats_10256\" class=\"pvc_stats total_only  \" data-element-id=\"10256\" style=\"\"><i class=\"pvc-stats-icon large\" aria-hidden=\"true\"><svg aria-hidden=\"true\" focusable=\"false\" data-prefix=\"far\" data-icon=\"chart-bar\" role=\"img\" xmlns=\"http:\/\/www.w3.org\/2000\/svg\" viewBox=\"0 0 512 512\" class=\"svg-inline--fa fa-chart-bar fa-w-16 fa-2x\"><path fill=\"currentColor\" d=\"M396.8 352h22.4c6.4 0 12.8-6.4 12.8-12.8V108.8c0-6.4-6.4-12.8-12.8-12.8h-22.4c-6.4 0-12.8 6.4-12.8 12.8v230.4c0 6.4 6.4 12.8 12.8 12.8zm-192 0h22.4c6.4 0 12.8-6.4 12.8-12.8V140.8c0-6.4-6.4-12.8-12.8-12.8h-22.4c-6.4 0-12.8 6.4-12.8 12.8v198.4c0 6.4 6.4 12.8 12.8 12.8zm96 0h22.4c6.4 0 12.8-6.4 12.8-12.8V204.8c0-6.4-6.4-12.8-12.8-12.8h-22.4c-6.4 0-12.8 6.4-12.8 12.8v134.4c0 6.4 6.4 12.8 12.8 12.8zM496 400H48V80c0-8.84-7.16-16-16-16H16C7.16 64 0 71.16 0 80v336c0 17.67 14.33 32 32 32h464c8.84 0 16-7.16 16-16v-16c0-8.84-7.16-16-16-16zm-387.2-48h22.4c6.4 0 12.8-6.4 12.8-12.8v-70.4c0-6.4-6.4-12.8-12.8-12.8h-22.4c-6.4 0-12.8 6.4-12.8 12.8v70.4c0 6.4 6.4 12.8 12.8 12.8z\" class=\"\"><\/path><\/svg><\/i> <img loading=\"lazy\" decoding=\"async\" width=\"16\" height=\"16\" alt=\"Loading\" src=\"https:\/\/temucotelevision.cl\/web\/wp-content\/plugins\/page-views-count\/ajax-loader-2x.gif\" border=0 \/><\/p>\n<div class=\"pvc_clear\"><\/div>\n<p>Conectividad Wifi y tablets permite a pacientes que, por las circunstancias sanitarias actuales, se comuniquen con sus familias ante la<\/p>\n","protected":false},"author":1,"featured_media":10257,"comment_status":"open","ping_status":"open","sticky":false,"template":"","format":"standard","meta":{"colormag_page_container_layout":"default_layout","colormag_page_sidebar_layout":"default_layout","footnotes":""},"categories":[14],"tags":[1070,131,275],"class_list":["post-10256","post","type-post","status-publish","format-standard","has-post-thumbnail","hentry","category-temuco","tag-pacientes","tag-salud","tag-servicio"],"a3_pvc":{"activated":true,"total_views":55,"today_views":0},"_links":{"self":[{"href":"https:\/\/temucotelevision.cl\/web\/wp-json\/wp\/v2\/posts\/10256","targetHints":{"allow":["GET"]}}],"collection":[{"href":"https:\/\/temucotelevision.cl\/web\/wp-json\/wp\/v2\/posts"}],"about":[{"href":"https:\/\/temucotelevision.cl\/web\/wp-json\/wp\/v2\/types\/post"}],"author":[{"embeddable":true,"href":"https:\/\/temucotelevision.cl\/web\/wp-json\/wp\/v2\/users\/1"}],"replies":[{"embeddable":true,"href":"https:\/\/temucotelevision.cl\/web\/wp-json\/wp\/v2\/comments?post=10256"}],"version-history":[{"count":2,"href":"https:\/\/temucotelevision.cl\/web\/wp-json\/wp\/v2\/posts\/10256\/revisions"}],"predecessor-version":[{"id":10262,"href":"https:\/\/temucotelevision.cl\/web\/wp-json\/wp\/v2\/posts\/10256\/revisions\/10262"}],"wp:featuredmedia":[{"embeddable":true,"href":"https:\/\/temucotelevision.cl\/web\/wp-json\/wp\/v2\/media\/10257"}],"wp:attachment":[{"href":"https:\/\/temucotelevision.cl\/web\/wp-json\/wp\/v2\/media?parent=10256"}],"wp:term":[{"taxonomy":"category","embeddable":true,"href":"https:\/\/temucotelevision.cl\/web\/wp-json\/wp\/v2\/categories?post=10256"},{"taxonomy":"post_tag","embeddable":true,"href":"https:\/\/temucotelevision.cl\/web\/wp-json\/wp\/v2\/tags?post=10256"}],"curies":[{"name":"wp","href":"https:\/\/api.w.org\/{rel}","templated":true}]}}