{"id":10130,"date":"2020-05-04T20:23:16","date_gmt":"2020-05-04T23:23:16","guid":{"rendered":"https:\/\/temucotelevision.cl\/web\/?p=10130"},"modified":"2020-05-04T20:23:18","modified_gmt":"2020-05-04T23:23:18","slug":"bienes-nacionales-de-la-araucania-mantiene-suspension-de-atencion-de-publico-pero-siguen-abiertos-canales-digitales-para-tramites-y-consultas%ef%bb%bf","status":"publish","type":"post","link":"https:\/\/temucotelevision.cl\/web\/2020\/05\/04\/bienes-nacionales-de-la-araucania-mantiene-suspension-de-atencion-de-publico-pero-siguen-abiertos-canales-digitales-para-tramites-y-consultas%ef%bb%bf\/","title":{"rendered":"Bienes Nacionales de La Araucan\u00eda mantiene suspensi\u00f3n de atenci\u00f3n de p\u00fablico pero siguen abiertos canales digitales para tr\u00e1mites y consultas\ufeff"},"content":{"rendered":"<div class=\"pvc_clear\"><\/div><p id=\"pvc_stats_10130\" class=\"pvc_stats total_only  \" data-element-id=\"10130\" style=\"\"><i class=\"pvc-stats-icon large\" aria-hidden=\"true\"><svg aria-hidden=\"true\" focusable=\"false\" data-prefix=\"far\" data-icon=\"chart-bar\" role=\"img\" xmlns=\"http:\/\/www.w3.org\/2000\/svg\" viewBox=\"0 0 512 512\" class=\"svg-inline--fa fa-chart-bar fa-w-16 fa-2x\"><path fill=\"currentColor\" d=\"M396.8 352h22.4c6.4 0 12.8-6.4 12.8-12.8V108.8c0-6.4-6.4-12.8-12.8-12.8h-22.4c-6.4 0-12.8 6.4-12.8 12.8v230.4c0 6.4 6.4 12.8 12.8 12.8zm-192 0h22.4c6.4 0 12.8-6.4 12.8-12.8V140.8c0-6.4-6.4-12.8-12.8-12.8h-22.4c-6.4 0-12.8 6.4-12.8 12.8v198.4c0 6.4 6.4 12.8 12.8 12.8zm96 0h22.4c6.4 0 12.8-6.4 12.8-12.8V204.8c0-6.4-6.4-12.8-12.8-12.8h-22.4c-6.4 0-12.8 6.4-12.8 12.8v134.4c0 6.4 6.4 12.8 12.8 12.8zM496 400H48V80c0-8.84-7.16-16-16-16H16C7.16 64 0 71.16 0 80v336c0 17.67 14.33 32 32 32h464c8.84 0 16-7.16 16-16v-16c0-8.84-7.16-16-16-16zm-387.2-48h22.4c6.4 0 12.8-6.4 12.8-12.8v-70.4c0-6.4-6.4-12.8-12.8-12.8h-22.4c-6.4 0-12.8 6.4-12.8 12.8v70.4c0 6.4 6.4 12.8 12.8 12.8z\" class=\"\"><\/path><\/svg><\/i> <img loading=\"lazy\" decoding=\"async\" width=\"16\" height=\"16\" alt=\"Loading\" src=\"https:\/\/temucotelevision.cl\/web\/wp-content\/plugins\/page-views-count\/ajax-loader-2x.gif\" border=0 \/><\/p><div class=\"pvc_clear\"><\/div>\n<p><strong>Como medida de resguardo de la comunidad y tambi\u00e9n de los funcionarios, la oficina mantiene cerrada la atenci\u00f3n a p\u00fablico, pero sigue respondiendo dudas e interrogantes a trav\u00e9s de diferentes medios.<\/strong><\/p>\n\n\n\n<p>Con el fin de proteger a la ciudadan\u00eda, a los funcionarios y evitar el contagio de Coronavirus, la Seremi de Bienes Nacionales de La Araucan\u00eda, mantendr\u00e1 sus oficinas cerradas para tr\u00e1mites presenciales, por lo que solo atender\u00e1 al p\u00fablico a trav\u00e9s de sus medios digitales.<\/p>\n\n\n\n<p>Por esta raz\u00f3n se han dispuesto los siguientes canales de atenci\u00f3n ciudadana con el fin de que los usuarios puedan despejar sus inquietudes y consulten el estado de avance de sus respectivos tr\u00e1mites:<\/p>\n\n\n\n<p>P\u00e1gina web:&nbsp;<a href=\"http:\/\/www.bienesnacionales.cl\/\" target=\"_blank\" rel=\"noreferrer noopener\">www.bienesnacionales.cl<\/a><\/p>\n\n\n\n<p>Correo electr\u00f3nico:&nbsp;<a href=\"mailto:araucania@mbienes.cl\" target=\"_blank\" rel=\"noreferrer noopener\">araucania@mbienes.cl<\/a><\/p>\n\n\n\n<p>Facebook: Seremi Bienes Nacionales Araucan\u00eda<\/p>\n\n\n\n<p>Instagram: AraucaniaBBNN<\/p>\n\n\n\n<p>Twitter: AraucaniaBBNN<\/p>\n\n\n\n<p>WhatsApp: +56981319384 (Solo mensajes)<\/p>\n\n\n\n<p>La titular de la cartera, Natalia Rivera Vel\u00e1squez, realiz\u00f3 un llamado a la comunidad a utilizar estas v\u00edas, donde se est\u00e1 respondiendo a cada uno de los requerimientos.<\/p>\n\n\n\n<p>\u201cDebido a la emergencia sanitaria, mantendremos cerradas nuestras oficinas para la atenci\u00f3n de p\u00fablico, pero seguimos respondiendo a cada una de las consultas que nos est\u00e1n enviando y tambi\u00e9n trabajando para entregar t\u00edtulos de dominio. Por eso los invitamos a seguir utilizando nuestros canales y estaremos informando oportunamente cuando volvamos a atender de manera presencial\u201d, puntualiz\u00f3 la Secretaria Regional Ministerial.<\/p>\n\n\n\n<p>La autoridad remarc\u00f3 para la tranquilidad de la ciudadan\u00eda, que todos los tr\u00e1mites a pesar de la pandemia, siguen sus procedimientos de manera normal y no han sido suspendidos.&nbsp;<\/p>\n\n\n\n<p><\/p>\n","protected":false},"excerpt":{"rendered":"<div class=\"pvc_clear\"><\/div>\n<p id=\"pvc_stats_10130\" class=\"pvc_stats total_only  \" data-element-id=\"10130\" style=\"\"><i class=\"pvc-stats-icon large\" aria-hidden=\"true\"><svg aria-hidden=\"true\" focusable=\"false\" data-prefix=\"far\" data-icon=\"chart-bar\" role=\"img\" xmlns=\"http:\/\/www.w3.org\/2000\/svg\" viewBox=\"0 0 512 512\" class=\"svg-inline--fa fa-chart-bar fa-w-16 fa-2x\"><path fill=\"currentColor\" d=\"M396.8 352h22.4c6.4 0 12.8-6.4 12.8-12.8V108.8c0-6.4-6.4-12.8-12.8-12.8h-22.4c-6.4 0-12.8 6.4-12.8 12.8v230.4c0 6.4 6.4 12.8 12.8 12.8zm-192 0h22.4c6.4 0 12.8-6.4 12.8-12.8V140.8c0-6.4-6.4-12.8-12.8-12.8h-22.4c-6.4 0-12.8 6.4-12.8 12.8v198.4c0 6.4 6.4 12.8 12.8 12.8zm96 0h22.4c6.4 0 12.8-6.4 12.8-12.8V204.8c0-6.4-6.4-12.8-12.8-12.8h-22.4c-6.4 0-12.8 6.4-12.8 12.8v134.4c0 6.4 6.4 12.8 12.8 12.8zM496 400H48V80c0-8.84-7.16-16-16-16H16C7.16 64 0 71.16 0 80v336c0 17.67 14.33 32 32 32h464c8.84 0 16-7.16 16-16v-16c0-8.84-7.16-16-16-16zm-387.2-48h22.4c6.4 0 12.8-6.4 12.8-12.8v-70.4c0-6.4-6.4-12.8-12.8-12.8h-22.4c-6.4 0-12.8 6.4-12.8 12.8v70.4c0 6.4 6.4 12.8 12.8 12.8z\" class=\"\"><\/path><\/svg><\/i> <img loading=\"lazy\" decoding=\"async\" width=\"16\" height=\"16\" alt=\"Loading\" src=\"https:\/\/temucotelevision.cl\/web\/wp-content\/plugins\/page-views-count\/ajax-loader-2x.gif\" border=0 \/><\/p>\n<div class=\"pvc_clear\"><\/div>\n<p>Como medida de resguardo de la comunidad y tambi\u00e9n de los funcionarios, la oficina mantiene cerrada la atenci\u00f3n a p\u00fablico,<\/p>\n","protected":false},"author":1,"featured_media":10131,"comment_status":"open","ping_status":"open","sticky":false,"template":"","format":"standard","meta":{"colormag_page_container_layout":"default_layout","colormag_page_sidebar_layout":"default_layout","footnotes":""},"categories":[14],"tags":[251],"class_list":["post-10130","post","type-post","status-publish","format-standard","has-post-thumbnail","hentry","category-temuco","tag-nacionales"],"a3_pvc":{"activated":true,"total_views":37,"today_views":0},"_links":{"self":[{"href":"https:\/\/temucotelevision.cl\/web\/wp-json\/wp\/v2\/posts\/10130","targetHints":{"allow":["GET"]}}],"collection":[{"href":"https:\/\/temucotelevision.cl\/web\/wp-json\/wp\/v2\/posts"}],"about":[{"href":"https:\/\/temucotelevision.cl\/web\/wp-json\/wp\/v2\/types\/post"}],"author":[{"embeddable":true,"href":"https:\/\/temucotelevision.cl\/web\/wp-json\/wp\/v2\/users\/1"}],"replies":[{"embeddable":true,"href":"https:\/\/temucotelevision.cl\/web\/wp-json\/wp\/v2\/comments?post=10130"}],"version-history":[{"count":1,"href":"https:\/\/temucotelevision.cl\/web\/wp-json\/wp\/v2\/posts\/10130\/revisions"}],"predecessor-version":[{"id":10132,"href":"https:\/\/temucotelevision.cl\/web\/wp-json\/wp\/v2\/posts\/10130\/revisions\/10132"}],"wp:featuredmedia":[{"embeddable":true,"href":"https:\/\/temucotelevision.cl\/web\/wp-json\/wp\/v2\/media\/10131"}],"wp:attachment":[{"href":"https:\/\/temucotelevision.cl\/web\/wp-json\/wp\/v2\/media?parent=10130"}],"wp:term":[{"taxonomy":"category","embeddable":true,"href":"https:\/\/temucotelevision.cl\/web\/wp-json\/wp\/v2\/categories?post=10130"},{"taxonomy":"post_tag","embeddable":true,"href":"https:\/\/temucotelevision.cl\/web\/wp-json\/wp\/v2\/tags?post=10130"}],"curies":[{"name":"wp","href":"https:\/\/api.w.org\/{rel}","templated":true}]}}