{"id":10128,"date":"2020-05-04T20:02:06","date_gmt":"2020-05-04T23:02:06","guid":{"rendered":"https:\/\/temucotelevision.cl\/web\/?p=10128"},"modified":"2020-05-04T20:02:09","modified_gmt":"2020-05-04T23:02:09","slug":"la-araucania-es-la-region-que-mas-viviendas-ha-entregado-en-epoca-de-de-pandemia","status":"publish","type":"post","link":"https:\/\/temucotelevision.cl\/web\/2020\/05\/04\/la-araucania-es-la-region-que-mas-viviendas-ha-entregado-en-epoca-de-de-pandemia\/","title":{"rendered":"La Araucan\u00eda es la regi\u00f3n que m\u00e1s viviendas ha entregado en \u00e9poca de de pandemia"},"content":{"rendered":"<div class=\"pvc_clear\"><\/div><p id=\"pvc_stats_10128\" class=\"pvc_stats total_only  \" data-element-id=\"10128\" style=\"\"><i class=\"pvc-stats-icon large\" aria-hidden=\"true\"><svg aria-hidden=\"true\" focusable=\"false\" data-prefix=\"far\" data-icon=\"chart-bar\" role=\"img\" xmlns=\"http:\/\/www.w3.org\/2000\/svg\" viewBox=\"0 0 512 512\" class=\"svg-inline--fa fa-chart-bar fa-w-16 fa-2x\"><path fill=\"currentColor\" d=\"M396.8 352h22.4c6.4 0 12.8-6.4 12.8-12.8V108.8c0-6.4-6.4-12.8-12.8-12.8h-22.4c-6.4 0-12.8 6.4-12.8 12.8v230.4c0 6.4 6.4 12.8 12.8 12.8zm-192 0h22.4c6.4 0 12.8-6.4 12.8-12.8V140.8c0-6.4-6.4-12.8-12.8-12.8h-22.4c-6.4 0-12.8 6.4-12.8 12.8v198.4c0 6.4 6.4 12.8 12.8 12.8zm96 0h22.4c6.4 0 12.8-6.4 12.8-12.8V204.8c0-6.4-6.4-12.8-12.8-12.8h-22.4c-6.4 0-12.8 6.4-12.8 12.8v134.4c0 6.4 6.4 12.8 12.8 12.8zM496 400H48V80c0-8.84-7.16-16-16-16H16C7.16 64 0 71.16 0 80v336c0 17.67 14.33 32 32 32h464c8.84 0 16-7.16 16-16v-16c0-8.84-7.16-16-16-16zm-387.2-48h22.4c6.4 0 12.8-6.4 12.8-12.8v-70.4c0-6.4-6.4-12.8-12.8-12.8h-22.4c-6.4 0-12.8 6.4-12.8 12.8v70.4c0 6.4 6.4 12.8 12.8 12.8z\" class=\"\"><\/path><\/svg><\/i> <img loading=\"lazy\" decoding=\"async\" width=\"16\" height=\"16\" alt=\"Loading\" src=\"https:\/\/temucotelevision.cl\/web\/wp-content\/plugins\/page-views-count\/ajax-loader-2x.gif\" border=0 \/><\/p><div class=\"pvc_clear\"><\/div>\n<p><strong>Un total de 837 viviendas a trav\u00e9s del protocolo COVID-19 han sido entregadas a trav\u00e9s de SERVIU Araucan\u00eda a familias de diversas comunas de la regi\u00f3n. Esta vez, fue el turno de los comit\u00e9s \u201cSan Lorenzo\u201d y \u201cEl Progreso\u201d de las localidades de General L\u00f3pez y Cherquenco en la comuna de Vilc\u00fan donde las familias recibieron las llaves de sus viviendas.<\/strong><\/p>\n\n\n\n<p>&#8220;<em>Entregar viviendas en un contexto de pandemia es otorgar esperanza en medio de la&nbsp;compleja situaci\u00f3n que hoy atraviesan muchas familias chilenas, entre ellas desempleo o&nbsp; hacinamiento. En el caso de Vilc\u00fan, se trata de 137 viviendas que permitir\u00e1&nbsp;a las familias del comit\u00e9 San Lorenzo recibir las llaves de sus viviendas con todos los resguardos que la autoridad sanitaria y nuestro propio ministerio demandan&#8221;<\/em>, precis\u00f3 el ministro Cristi\u00e1n Monckeberg monitoreando desde cerca la entrega de viviendas para valorar el compromiso del ministerio con las familias m\u00e1s vulnerables.&nbsp;<\/p>\n\n\n\n<p>La entrega de llaves a las familias pertenecientes al comit\u00e9 \u201cSan Lorenzo\u201d de la localidad General L\u00f3pez en la comuna de Vilc\u00fan, se realiz\u00f3 bajo el protocolo COVID-19 en horarios diferidos y respetando la distancia social. La ceremonia simb\u00f3lica se desarroll\u00f3 al aire libre y con la presencia de 10 personas, entre ellas la directiva.&nbsp;<\/p>\n\n\n\n<p>\u201c<em>Estamos bastante contentos con todas las familias, fueron hartos a\u00f1os que estuvimos luchando por nuestra casa propia. Llevamos siete a\u00f1os, como comit\u00e9 tocamos muchas puertas, algunas se abrieron otras se cerraron, pero los socios no decayeron y siguieron luchando para lograr este sue\u00f1o<\/em>\u201d, expres\u00f3 D\u00e9bora Moreno, presidenta del Comit\u00e9 San Lorenzo.&nbsp;<\/p>\n\n\n\n<p>En el mismo sentir, Daniela Soledad, secretaria del comit\u00e9 aseguro sentirse feliz de recibir las viviendas precisando \u201c<em>estamos contentos que esto se concrete, es un sue\u00f1o que ten\u00edamos todos, me imagino viviendo feliz, tranquila con mi hija, estamos pensando todo, el color de las paredes, el piso, todo. Es un sue\u00f1o<\/em>\u201d, explic\u00f3 la joven.&nbsp;<\/p>\n\n\n\n<p>Susana Aguilera alcaldesa de la comuna de Vilc\u00fan afirm\u00f3 que \u201c<em>cuando me llam\u00f3 el SERVIU y tuvimos reuni\u00f3n con el SEREMI, inmediatamente les manifestamos la voluntad de realizar esta entrega porque sentimos que si se realiza de una forma adecuada y se cumplen los protocolos con respecto a esta pandemia, es una cosa muy importante, estamos evitando que la gente pague arriendo, estamos en tiempos dif\u00edciles econ\u00f3micamente, las personas han perdido su trabajo y por ello, esta acci\u00f3n es tan relevante<\/em>\u201d, expres\u00f3 la edil de Vilc\u00fan.&nbsp;<\/p>\n\n\n\n<p>El proyecto habitacional alcanz\u00f3 una inversi\u00f3n superior a los 3 mil 500 a trav\u00e9s del Fondo de Elecci\u00f3n de la Vivienda a trav\u00e9s del programa ds49.&nbsp;<\/p>\n\n\n\n<p><strong>Proyecto piloto de habitabilidad rural en Cherquenco&nbsp;<\/strong><\/p>\n\n\n\n<p>En la localidad de Cherquenco a los pies del Volc\u00e1n Llaima, se realiz\u00f3 la entrega de 20 viviendas mediante el programa de Habitabilidad rural impulsado por el Ministerio de Vivienda, que contempl\u00f3 la construcci\u00f3n de un complejo habitacional de alto est\u00e1ndar para las familias de esta localidad.&nbsp;<\/p>\n\n\n\n<p>La entrega tambi\u00e9n se realiz\u00f3 a trav\u00e9s del protocolo COVID-19 donde la directiva junto a un grupo acotado de beneficiarios del comit\u00e9 \u201cEl Progreso\u201d particip\u00f3 de la entrega de llaves de sus nuevas viviendas de 67 metros cuadrados cumpliendo as\u00ed el sue\u00f1o de la casa propia, a trav\u00e9s de un espacio confortable para el h\u00e1bitat.&nbsp;<\/p>\n\n\n\n<p>Para Claudia Bascur, Coordinadora Regional Ministerial de Vivienda, \u201cel programa de habitabilidad representa para nuestro ministerio el esfuerzo de llegar a todos los rincones de la regi\u00f3n de La Araucan\u00eda a trav\u00e9s de viviendas de calidad, de alto est\u00e1ndar constructivo, particularmente para esta zona cordillerana que necesita viviendas m\u00e1s revestidas\u201d, expres\u00f3 la arquitecto de SERVIU Araucan\u00eda.&nbsp;<\/p>\n\n\n\n<p>Con una inversi\u00f3n cercana a los 650 millones de pesos, est\u00e1n familias valoraron el compromiso de las autoridades del Ministerio de Vivienda para hacer entrega del complejo habitacional durante la \u00e9poca de pandemia.<\/p>\n\n\n\n<p>\u201c<em>Quiero agradecer en nombre del comit\u00e9 a SERVIU Araucan\u00eda por realizar la entrega durante este tiempo, eso es algo que las familias valoran much\u00edsimo, ya que muchas de ellas se encontraban pagando arriendo o viviendo como allegadas<\/em>\u201d, sostuvo Deisy Cort\u00e9s, presidenta del comit\u00e9 \u201cEl progreso\u201d de Cherquenco.&nbsp;<\/p>\n\n\n\n<p>Para el SEREMI de Vivienda Pablo Artigas, esta entrega \u201c<em>representa el compromiso de nuestro presidente Sebasti\u00e1n Pi\u00f1era de ir en ayuda de las familias de sectores apartados apurando los procesos para entregar viviendas en contexto de pandemia, muy en sinton\u00eda con el esfuerzo de nuestro ministerio de otorgar espacios confortables a las familias de nuestra regi\u00f3n mediante nuestros diversos programas<\/em>\u201d, sentenci\u00f3 el titular de la cartera de vivienda en La Araucan\u00eda.<\/p>\n","protected":false},"excerpt":{"rendered":"<div class=\"pvc_clear\"><\/div>\n<p id=\"pvc_stats_10128\" class=\"pvc_stats total_only  \" data-element-id=\"10128\" style=\"\"><i class=\"pvc-stats-icon large\" aria-hidden=\"true\"><svg aria-hidden=\"true\" focusable=\"false\" data-prefix=\"far\" data-icon=\"chart-bar\" role=\"img\" xmlns=\"http:\/\/www.w3.org\/2000\/svg\" viewBox=\"0 0 512 512\" class=\"svg-inline--fa fa-chart-bar fa-w-16 fa-2x\"><path fill=\"currentColor\" d=\"M396.8 352h22.4c6.4 0 12.8-6.4 12.8-12.8V108.8c0-6.4-6.4-12.8-12.8-12.8h-22.4c-6.4 0-12.8 6.4-12.8 12.8v230.4c0 6.4 6.4 12.8 12.8 12.8zm-192 0h22.4c6.4 0 12.8-6.4 12.8-12.8V140.8c0-6.4-6.4-12.8-12.8-12.8h-22.4c-6.4 0-12.8 6.4-12.8 12.8v198.4c0 6.4 6.4 12.8 12.8 12.8zm96 0h22.4c6.4 0 12.8-6.4 12.8-12.8V204.8c0-6.4-6.4-12.8-12.8-12.8h-22.4c-6.4 0-12.8 6.4-12.8 12.8v134.4c0 6.4 6.4 12.8 12.8 12.8zM496 400H48V80c0-8.84-7.16-16-16-16H16C7.16 64 0 71.16 0 80v336c0 17.67 14.33 32 32 32h464c8.84 0 16-7.16 16-16v-16c0-8.84-7.16-16-16-16zm-387.2-48h22.4c6.4 0 12.8-6.4 12.8-12.8v-70.4c0-6.4-6.4-12.8-12.8-12.8h-22.4c-6.4 0-12.8 6.4-12.8 12.8v70.4c0 6.4 6.4 12.8 12.8 12.8z\" class=\"\"><\/path><\/svg><\/i> <img loading=\"lazy\" decoding=\"async\" width=\"16\" height=\"16\" alt=\"Loading\" src=\"https:\/\/temucotelevision.cl\/web\/wp-content\/plugins\/page-views-count\/ajax-loader-2x.gif\" border=0 \/><\/p>\n<div class=\"pvc_clear\"><\/div>\n<p>Un total de 837 viviendas a trav\u00e9s del protocolo COVID-19 han sido entregadas a trav\u00e9s de SERVIU Araucan\u00eda a familias<\/p>\n","protected":false},"author":1,"featured_media":9911,"comment_status":"open","ping_status":"open","sticky":false,"template":"","format":"standard","meta":{"colormag_page_container_layout":"default_layout","colormag_page_sidebar_layout":"default_layout","footnotes":""},"categories":[15],"tags":[922,2444],"class_list":["post-10128","post","type-post","status-publish","format-standard","has-post-thumbnail","hentry","category-la-araucania","tag-epoca","tag-vivinedas"],"a3_pvc":{"activated":true,"total_views":65,"today_views":0},"_links":{"self":[{"href":"https:\/\/temucotelevision.cl\/web\/wp-json\/wp\/v2\/posts\/10128","targetHints":{"allow":["GET"]}}],"collection":[{"href":"https:\/\/temucotelevision.cl\/web\/wp-json\/wp\/v2\/posts"}],"about":[{"href":"https:\/\/temucotelevision.cl\/web\/wp-json\/wp\/v2\/types\/post"}],"author":[{"embeddable":true,"href":"https:\/\/temucotelevision.cl\/web\/wp-json\/wp\/v2\/users\/1"}],"replies":[{"embeddable":true,"href":"https:\/\/temucotelevision.cl\/web\/wp-json\/wp\/v2\/comments?post=10128"}],"version-history":[{"count":1,"href":"https:\/\/temucotelevision.cl\/web\/wp-json\/wp\/v2\/posts\/10128\/revisions"}],"predecessor-version":[{"id":10129,"href":"https:\/\/temucotelevision.cl\/web\/wp-json\/wp\/v2\/posts\/10128\/revisions\/10129"}],"wp:featuredmedia":[{"embeddable":true,"href":"https:\/\/temucotelevision.cl\/web\/wp-json\/wp\/v2\/media\/9911"}],"wp:attachment":[{"href":"https:\/\/temucotelevision.cl\/web\/wp-json\/wp\/v2\/media?parent=10128"}],"wp:term":[{"taxonomy":"category","embeddable":true,"href":"https:\/\/temucotelevision.cl\/web\/wp-json\/wp\/v2\/categories?post=10128"},{"taxonomy":"post_tag","embeddable":true,"href":"https:\/\/temucotelevision.cl\/web\/wp-json\/wp\/v2\/tags?post=10128"}],"curies":[{"name":"wp","href":"https:\/\/api.w.org\/{rel}","templated":true}]}}