{"id":10125,"date":"2020-05-04T19:51:37","date_gmt":"2020-05-04T22:51:37","guid":{"rendered":"https:\/\/temucotelevision.cl\/web\/?p=10125"},"modified":"2020-05-04T19:52:09","modified_gmt":"2020-05-04T22:52:09","slug":"senadora-aravena-la-ciudadania-necesita-que-instituciones-den-soluciones-con-sentido-de-urgencia-a-los-efectos-que-ha-generado-la-pandemia%ef%bb%bf","status":"publish","type":"post","link":"https:\/\/temucotelevision.cl\/web\/2020\/05\/04\/senadora-aravena-la-ciudadania-necesita-que-instituciones-den-soluciones-con-sentido-de-urgencia-a-los-efectos-que-ha-generado-la-pandemia%ef%bb%bf\/","title":{"rendered":"Senadora Aravena: \u201cLa ciudadan\u00eda necesita que Instituciones den soluciones con sentido de urgencia a los efectos que ha generado la Pandemia\ufeff"},"content":{"rendered":"<div class=\"pvc_clear\"><\/div><p id=\"pvc_stats_10125\" class=\"pvc_stats total_only  \" data-element-id=\"10125\" style=\"\"><i class=\"pvc-stats-icon large\" aria-hidden=\"true\"><svg aria-hidden=\"true\" focusable=\"false\" data-prefix=\"far\" data-icon=\"chart-bar\" role=\"img\" xmlns=\"http:\/\/www.w3.org\/2000\/svg\" viewBox=\"0 0 512 512\" class=\"svg-inline--fa fa-chart-bar fa-w-16 fa-2x\"><path fill=\"currentColor\" d=\"M396.8 352h22.4c6.4 0 12.8-6.4 12.8-12.8V108.8c0-6.4-6.4-12.8-12.8-12.8h-22.4c-6.4 0-12.8 6.4-12.8 12.8v230.4c0 6.4 6.4 12.8 12.8 12.8zm-192 0h22.4c6.4 0 12.8-6.4 12.8-12.8V140.8c0-6.4-6.4-12.8-12.8-12.8h-22.4c-6.4 0-12.8 6.4-12.8 12.8v198.4c0 6.4 6.4 12.8 12.8 12.8zm96 0h22.4c6.4 0 12.8-6.4 12.8-12.8V204.8c0-6.4-6.4-12.8-12.8-12.8h-22.4c-6.4 0-12.8 6.4-12.8 12.8v134.4c0 6.4 6.4 12.8 12.8 12.8zM496 400H48V80c0-8.84-7.16-16-16-16H16C7.16 64 0 71.16 0 80v336c0 17.67 14.33 32 32 32h464c8.84 0 16-7.16 16-16v-16c0-8.84-7.16-16-16-16zm-387.2-48h22.4c6.4 0 12.8-6.4 12.8-12.8v-70.4c0-6.4-6.4-12.8-12.8-12.8h-22.4c-6.4 0-12.8 6.4-12.8 12.8v70.4c0 6.4 6.4 12.8 12.8 12.8z\" class=\"\"><\/path><\/svg><\/i> <img loading=\"lazy\" decoding=\"async\" width=\"16\" height=\"16\" alt=\"Loading\" src=\"https:\/\/temucotelevision.cl\/web\/wp-content\/plugins\/page-views-count\/ajax-loader-2x.gif\" border=0 \/><\/p><div class=\"pvc_clear\"><\/div>\n<p>_La parlamentaria reiter\u00f3 el llamado realizado al Director Nacional de la CONADI para extender vigencia de personalidad jur\u00eddica en comunidades ind\u00edgenas._<\/p>\n\n\n\n<p>La senadora por La Araucan\u00eda, Carmen Gloria Aravena, reiter\u00f3 el llamado realizado a la<\/p>\n\n\n\n<p>Corporaci\u00f3n Nacional de Desarrollo Ind\u00edgena (CONADI), para extender en un a\u00f1o la validez de la directiva de cada Comunidad Ind\u00edgena y por ende su personalidad jur\u00eddica.<\/p>\n\n\n\n<p>Al respecto, la parlamentaria IND pro RN, manifest\u00f3 que hoy la ciudadan\u00eda necesita que las Instituciones y quienes las dirigen, se conduzcan con sentido de urgencia respecto de los m\u00faltiples efectos que ha generado el Covid 19, pues la crisis sanitaria tiene un fuerte componente social que no puede ser ignorado.<\/p>\n\n\n\n<p>\u201cHace 20 d\u00edas solicit\u00e9 a trav\u00e9s de oficio a la Conadi, el evaluar una soluci\u00f3n expedita para resolver la renovaci\u00f3n de la vigencia de la personalidad jur\u00eddica de las comunidades ind\u00edgenas. Estos tr\u00e1mites que parecen ser simples, son vitales a la hora de realizar gestiones para cada comunidad, sobre todo considerando que son m\u00e1s de 2.300 en La Araucan\u00eda\u201d, sostuvo Aravena.<\/p>\n\n\n\n<p>Asimismo, la parlamentaria a\u00f1adi\u00f3 que \u201cla labor de los parlamentarios es relevar las necesidades de la ciudadan\u00eda y nuestra gente no puede esperar. Por ello, hago un firme llamado a que las autoridades puedan otorgar prontas respuestas. Espero que el Director Nacional de la Conadi pueda, por el bien de las Comunidades Ind\u00edgenas, encontrar pronto una soluci\u00f3n a esta problem\u00e1tica\u201d.<\/p>\n\n\n\n<p>Finalmente, Carmen Gloria Aravena explic\u00f3 que la mayor\u00eda de las comunidades ind\u00edgenas de La Araucan\u00eda est\u00e1n conformadas por m\u00e1s de 100 o 150 socios, por lo que no pueden realizar las asambleas que requieren para actualizar sus directivas y por consiguiente su personalidad jur\u00eddica, debido a que se exponen a un contagio masivo.<\/p>\n","protected":false},"excerpt":{"rendered":"<div class=\"pvc_clear\"><\/div>\n<p id=\"pvc_stats_10125\" class=\"pvc_stats total_only  \" data-element-id=\"10125\" style=\"\"><i class=\"pvc-stats-icon large\" aria-hidden=\"true\"><svg aria-hidden=\"true\" focusable=\"false\" data-prefix=\"far\" data-icon=\"chart-bar\" role=\"img\" xmlns=\"http:\/\/www.w3.org\/2000\/svg\" viewBox=\"0 0 512 512\" class=\"svg-inline--fa fa-chart-bar fa-w-16 fa-2x\"><path fill=\"currentColor\" d=\"M396.8 352h22.4c6.4 0 12.8-6.4 12.8-12.8V108.8c0-6.4-6.4-12.8-12.8-12.8h-22.4c-6.4 0-12.8 6.4-12.8 12.8v230.4c0 6.4 6.4 12.8 12.8 12.8zm-192 0h22.4c6.4 0 12.8-6.4 12.8-12.8V140.8c0-6.4-6.4-12.8-12.8-12.8h-22.4c-6.4 0-12.8 6.4-12.8 12.8v198.4c0 6.4 6.4 12.8 12.8 12.8zm96 0h22.4c6.4 0 12.8-6.4 12.8-12.8V204.8c0-6.4-6.4-12.8-12.8-12.8h-22.4c-6.4 0-12.8 6.4-12.8 12.8v134.4c0 6.4 6.4 12.8 12.8 12.8zM496 400H48V80c0-8.84-7.16-16-16-16H16C7.16 64 0 71.16 0 80v336c0 17.67 14.33 32 32 32h464c8.84 0 16-7.16 16-16v-16c0-8.84-7.16-16-16-16zm-387.2-48h22.4c6.4 0 12.8-6.4 12.8-12.8v-70.4c0-6.4-6.4-12.8-12.8-12.8h-22.4c-6.4 0-12.8 6.4-12.8 12.8v70.4c0 6.4 6.4 12.8 12.8 12.8z\" class=\"\"><\/path><\/svg><\/i> <img loading=\"lazy\" decoding=\"async\" width=\"16\" height=\"16\" alt=\"Loading\" src=\"https:\/\/temucotelevision.cl\/web\/wp-content\/plugins\/page-views-count\/ajax-loader-2x.gif\" border=0 \/><\/p>\n<div class=\"pvc_clear\"><\/div>\n<p>_La parlamentaria reiter\u00f3 el llamado realizado al Director Nacional de la CONADI para extender vigencia de personalidad jur\u00eddica en comunidades<\/p>\n","protected":false},"author":1,"featured_media":10126,"comment_status":"open","ping_status":"open","sticky":false,"template":"","format":"standard","meta":{"colormag_page_container_layout":"default_layout","colormag_page_sidebar_layout":"default_layout","footnotes":""},"categories":[84],"tags":[2312,2065],"class_list":["post-10125","post","type-post","status-publish","format-standard","has-post-thumbnail","hentry","category-politica","tag-pandemia","tag-senadora"],"a3_pvc":{"activated":true,"total_views":23,"today_views":0},"_links":{"self":[{"href":"https:\/\/temucotelevision.cl\/web\/wp-json\/wp\/v2\/posts\/10125","targetHints":{"allow":["GET"]}}],"collection":[{"href":"https:\/\/temucotelevision.cl\/web\/wp-json\/wp\/v2\/posts"}],"about":[{"href":"https:\/\/temucotelevision.cl\/web\/wp-json\/wp\/v2\/types\/post"}],"author":[{"embeddable":true,"href":"https:\/\/temucotelevision.cl\/web\/wp-json\/wp\/v2\/users\/1"}],"replies":[{"embeddable":true,"href":"https:\/\/temucotelevision.cl\/web\/wp-json\/wp\/v2\/comments?post=10125"}],"version-history":[{"count":1,"href":"https:\/\/temucotelevision.cl\/web\/wp-json\/wp\/v2\/posts\/10125\/revisions"}],"predecessor-version":[{"id":10127,"href":"https:\/\/temucotelevision.cl\/web\/wp-json\/wp\/v2\/posts\/10125\/revisions\/10127"}],"wp:featuredmedia":[{"embeddable":true,"href":"https:\/\/temucotelevision.cl\/web\/wp-json\/wp\/v2\/media\/10126"}],"wp:attachment":[{"href":"https:\/\/temucotelevision.cl\/web\/wp-json\/wp\/v2\/media?parent=10125"}],"wp:term":[{"taxonomy":"category","embeddable":true,"href":"https:\/\/temucotelevision.cl\/web\/wp-json\/wp\/v2\/categories?post=10125"},{"taxonomy":"post_tag","embeddable":true,"href":"https:\/\/temucotelevision.cl\/web\/wp-json\/wp\/v2\/tags?post=10125"}],"curies":[{"name":"wp","href":"https:\/\/api.w.org\/{rel}","templated":true}]}}