{"id":10118,"date":"2020-05-03T21:58:34","date_gmt":"2020-05-04T00:58:34","guid":{"rendered":"https:\/\/temucotelevision.cl\/web\/?p=10118"},"modified":"2020-05-03T21:58:53","modified_gmt":"2020-05-04T00:58:53","slug":"ante-crisis-financiera-por-covid19%ef%bb%bf-regionalistas-emplazan-al-gobierno-central-a-inyectar-recursos-frescos-en-municipios-de-la-araucania","status":"publish","type":"post","link":"https:\/\/temucotelevision.cl\/web\/2020\/05\/03\/ante-crisis-financiera-por-covid19%ef%bb%bf-regionalistas-emplazan-al-gobierno-central-a-inyectar-recursos-frescos-en-municipios-de-la-araucania\/","title":{"rendered":"Ante crisis financiera por Covid19\ufeff: Regionalistas emplazan al gobierno central a inyectar recursos frescos en municipios de La Araucan\u00eda"},"content":{"rendered":"<div class=\"pvc_clear\"><\/div><p id=\"pvc_stats_10118\" class=\"pvc_stats total_only  \" data-element-id=\"10118\" style=\"\"><i class=\"pvc-stats-icon large\" aria-hidden=\"true\"><svg aria-hidden=\"true\" focusable=\"false\" data-prefix=\"far\" data-icon=\"chart-bar\" role=\"img\" xmlns=\"http:\/\/www.w3.org\/2000\/svg\" viewBox=\"0 0 512 512\" class=\"svg-inline--fa fa-chart-bar fa-w-16 fa-2x\"><path fill=\"currentColor\" d=\"M396.8 352h22.4c6.4 0 12.8-6.4 12.8-12.8V108.8c0-6.4-6.4-12.8-12.8-12.8h-22.4c-6.4 0-12.8 6.4-12.8 12.8v230.4c0 6.4 6.4 12.8 12.8 12.8zm-192 0h22.4c6.4 0 12.8-6.4 12.8-12.8V140.8c0-6.4-6.4-12.8-12.8-12.8h-22.4c-6.4 0-12.8 6.4-12.8 12.8v198.4c0 6.4 6.4 12.8 12.8 12.8zm96 0h22.4c6.4 0 12.8-6.4 12.8-12.8V204.8c0-6.4-6.4-12.8-12.8-12.8h-22.4c-6.4 0-12.8 6.4-12.8 12.8v134.4c0 6.4 6.4 12.8 12.8 12.8zM496 400H48V80c0-8.84-7.16-16-16-16H16C7.16 64 0 71.16 0 80v336c0 17.67 14.33 32 32 32h464c8.84 0 16-7.16 16-16v-16c0-8.84-7.16-16-16-16zm-387.2-48h22.4c6.4 0 12.8-6.4 12.8-12.8v-70.4c0-6.4-6.4-12.8-12.8-12.8h-22.4c-6.4 0-12.8 6.4-12.8 12.8v70.4c0 6.4 6.4 12.8 12.8 12.8z\" class=\"\"><\/path><\/svg><\/i> <img loading=\"lazy\" decoding=\"async\" width=\"16\" height=\"16\" alt=\"Loading\" src=\"https:\/\/temucotelevision.cl\/web\/wp-content\/plugins\/page-views-count\/ajax-loader-2x.gif\" border=0 \/><\/p><div class=\"pvc_clear\"><\/div>\n<p><strong><em>Proponen reasignaci\u00f3n de presupuestos del Ministerio de Defensa a los municipios<\/em><\/strong><\/p>\n\n\n\n<p>La Federaci\u00f3n Regionalista Verde del Wallmapu manifest\u00f3 su preocupaci\u00f3n ante la crisis financiera de los municipios frente al combate de la pandemia en los territorios, por lo que emplazaron al gobierno a inyectar recursos al fondo com\u00fan de los municipios de La Araucan\u00eda.<\/p>\n\n\n\n<p>\u201cHan sido los municipios, los que est\u00e1n combatiendo en la primera l\u00ednea territorial, los efectos de la pandemia, en lo social, sanitario y en lo alimentario, por lo que es fundamental que se puedan inyectar recursos para que estos tres ejes puedan seguir siendo atendidos por los municipios, sobre todo en municipios que no solo combaten la pandemia sanitaria, sino que tambi\u00e9n la sub-pandemia de la pobreza\u201d, dijeron sus dirigentes.<\/p>\n\n\n\n<p>Agregaron que \u201cel d\u00e9ficit se enmarca en la falta de pagos de licencias de conducir, permisos de circulaci\u00f3n, pagos de patentes y contribuciones, entre otros, donde los municipios han tenido que realizar modificaciones presupuestarias para seguir atendiendo los requerimientos sanitarios y sociales en sus comunas, por lo que es necesario, que m\u00e1s all\u00e1 de los recursos aprobados por el Consejo Regional y que a\u00fan no llegan a las arcas municipales, es fundamental que la Subdere a nivel nacional haga su aporte extraordinario a los municipios de La Araucan\u00eda\u201d.<\/p>\n\n\n\n<p>En este contexto, adem\u00e1s la Federaci\u00f3n Regionalista Verde del Wallmapu, propone una reasignaci\u00f3n de recursos desde los presupuestos del Ej\u00e9rcito y del Ministerio de Defensa para los municipios, destinados a los ejes de fortalecimiento de la salud primaria, las microeconom\u00edas locales y para la crisis social en alimentos, calefacci\u00f3n y medicamentos.<\/p>\n","protected":false},"excerpt":{"rendered":"<div class=\"pvc_clear\"><\/div>\n<p id=\"pvc_stats_10118\" class=\"pvc_stats total_only  \" data-element-id=\"10118\" style=\"\"><i class=\"pvc-stats-icon large\" aria-hidden=\"true\"><svg aria-hidden=\"true\" focusable=\"false\" data-prefix=\"far\" data-icon=\"chart-bar\" role=\"img\" xmlns=\"http:\/\/www.w3.org\/2000\/svg\" viewBox=\"0 0 512 512\" class=\"svg-inline--fa fa-chart-bar fa-w-16 fa-2x\"><path fill=\"currentColor\" d=\"M396.8 352h22.4c6.4 0 12.8-6.4 12.8-12.8V108.8c0-6.4-6.4-12.8-12.8-12.8h-22.4c-6.4 0-12.8 6.4-12.8 12.8v230.4c0 6.4 6.4 12.8 12.8 12.8zm-192 0h22.4c6.4 0 12.8-6.4 12.8-12.8V140.8c0-6.4-6.4-12.8-12.8-12.8h-22.4c-6.4 0-12.8 6.4-12.8 12.8v198.4c0 6.4 6.4 12.8 12.8 12.8zm96 0h22.4c6.4 0 12.8-6.4 12.8-12.8V204.8c0-6.4-6.4-12.8-12.8-12.8h-22.4c-6.4 0-12.8 6.4-12.8 12.8v134.4c0 6.4 6.4 12.8 12.8 12.8zM496 400H48V80c0-8.84-7.16-16-16-16H16C7.16 64 0 71.16 0 80v336c0 17.67 14.33 32 32 32h464c8.84 0 16-7.16 16-16v-16c0-8.84-7.16-16-16-16zm-387.2-48h22.4c6.4 0 12.8-6.4 12.8-12.8v-70.4c0-6.4-6.4-12.8-12.8-12.8h-22.4c-6.4 0-12.8 6.4-12.8 12.8v70.4c0 6.4 6.4 12.8 12.8 12.8z\" class=\"\"><\/path><\/svg><\/i> <img loading=\"lazy\" decoding=\"async\" width=\"16\" height=\"16\" alt=\"Loading\" src=\"https:\/\/temucotelevision.cl\/web\/wp-content\/plugins\/page-views-count\/ajax-loader-2x.gif\" border=0 \/><\/p>\n<div class=\"pvc_clear\"><\/div>\n<p>Proponen reasignaci\u00f3n de presupuestos del Ministerio de Defensa a los municipios La Federaci\u00f3n Regionalista Verde del Wallmapu manifest\u00f3 su preocupaci\u00f3n<\/p>\n","protected":false},"author":1,"featured_media":8076,"comment_status":"open","ping_status":"open","sticky":false,"template":"","format":"standard","meta":{"colormag_page_container_layout":"default_layout","colormag_page_sidebar_layout":"default_layout","footnotes":""},"categories":[14],"tags":[2312,210],"class_list":["post-10118","post","type-post","status-publish","format-standard","has-post-thumbnail","hentry","category-temuco","tag-pandemia","tag-recursos"],"a3_pvc":{"activated":true,"total_views":24,"today_views":0},"_links":{"self":[{"href":"https:\/\/temucotelevision.cl\/web\/wp-json\/wp\/v2\/posts\/10118","targetHints":{"allow":["GET"]}}],"collection":[{"href":"https:\/\/temucotelevision.cl\/web\/wp-json\/wp\/v2\/posts"}],"about":[{"href":"https:\/\/temucotelevision.cl\/web\/wp-json\/wp\/v2\/types\/post"}],"author":[{"embeddable":true,"href":"https:\/\/temucotelevision.cl\/web\/wp-json\/wp\/v2\/users\/1"}],"replies":[{"embeddable":true,"href":"https:\/\/temucotelevision.cl\/web\/wp-json\/wp\/v2\/comments?post=10118"}],"version-history":[{"count":1,"href":"https:\/\/temucotelevision.cl\/web\/wp-json\/wp\/v2\/posts\/10118\/revisions"}],"predecessor-version":[{"id":10119,"href":"https:\/\/temucotelevision.cl\/web\/wp-json\/wp\/v2\/posts\/10118\/revisions\/10119"}],"wp:featuredmedia":[{"embeddable":true,"href":"https:\/\/temucotelevision.cl\/web\/wp-json\/wp\/v2\/media\/8076"}],"wp:attachment":[{"href":"https:\/\/temucotelevision.cl\/web\/wp-json\/wp\/v2\/media?parent=10118"}],"wp:term":[{"taxonomy":"category","embeddable":true,"href":"https:\/\/temucotelevision.cl\/web\/wp-json\/wp\/v2\/categories?post=10118"},{"taxonomy":"post_tag","embeddable":true,"href":"https:\/\/temucotelevision.cl\/web\/wp-json\/wp\/v2\/tags?post=10118"}],"curies":[{"name":"wp","href":"https:\/\/api.w.org\/{rel}","templated":true}]}}