{"id":10115,"date":"2020-05-03T21:32:33","date_gmt":"2020-05-04T00:32:33","guid":{"rendered":"https:\/\/temucotelevision.cl\/web\/?p=10115"},"modified":"2020-05-03T21:32:35","modified_gmt":"2020-05-04T00:32:35","slug":"seremi-de-agricultura-es-preocupante-que-tuvieramos-un-33-de-incendios-forestales-mas-a-la-fecha-que-en-la-temporada-anterior%ef%bb%bf","status":"publish","type":"post","link":"https:\/\/temucotelevision.cl\/web\/2020\/05\/03\/seremi-de-agricultura-es-preocupante-que-tuvieramos-un-33-de-incendios-forestales-mas-a-la-fecha-que-en-la-temporada-anterior%ef%bb%bf\/","title":{"rendered":"Seremi de Agricultura: &#8220;Es preocupante que tuvi\u00e9ramos un 33% de incendios forestales m\u00e1s a la fecha que en la temporada anterior&#8221;\ufeff"},"content":{"rendered":"<div class=\"pvc_clear\"><\/div><p id=\"pvc_stats_10115\" class=\"pvc_stats total_only  \" data-element-id=\"10115\" style=\"\"><i class=\"pvc-stats-icon large\" aria-hidden=\"true\"><svg aria-hidden=\"true\" focusable=\"false\" data-prefix=\"far\" data-icon=\"chart-bar\" role=\"img\" xmlns=\"http:\/\/www.w3.org\/2000\/svg\" viewBox=\"0 0 512 512\" class=\"svg-inline--fa fa-chart-bar fa-w-16 fa-2x\"><path fill=\"currentColor\" d=\"M396.8 352h22.4c6.4 0 12.8-6.4 12.8-12.8V108.8c0-6.4-6.4-12.8-12.8-12.8h-22.4c-6.4 0-12.8 6.4-12.8 12.8v230.4c0 6.4 6.4 12.8 12.8 12.8zm-192 0h22.4c6.4 0 12.8-6.4 12.8-12.8V140.8c0-6.4-6.4-12.8-12.8-12.8h-22.4c-6.4 0-12.8 6.4-12.8 12.8v198.4c0 6.4 6.4 12.8 12.8 12.8zm96 0h22.4c6.4 0 12.8-6.4 12.8-12.8V204.8c0-6.4-6.4-12.8-12.8-12.8h-22.4c-6.4 0-12.8 6.4-12.8 12.8v134.4c0 6.4 6.4 12.8 12.8 12.8zM496 400H48V80c0-8.84-7.16-16-16-16H16C7.16 64 0 71.16 0 80v336c0 17.67 14.33 32 32 32h464c8.84 0 16-7.16 16-16v-16c0-8.84-7.16-16-16-16zm-387.2-48h22.4c6.4 0 12.8-6.4 12.8-12.8v-70.4c0-6.4-6.4-12.8-12.8-12.8h-22.4c-6.4 0-12.8 6.4-12.8 12.8v70.4c0 6.4 6.4 12.8 12.8 12.8z\" class=\"\"><\/path><\/svg><\/i> <img loading=\"lazy\" decoding=\"async\" width=\"16\" height=\"16\" alt=\"Loading\" src=\"https:\/\/temucotelevision.cl\/web\/wp-content\/plugins\/page-views-count\/ajax-loader-2x.gif\" border=0 \/><\/p><div class=\"pvc_clear\"><\/div>\n<p><em>Ricardo Senn, destac\u00f3 que a pesar de esta alza y todas las acciones que se realizan por el Covid-19, el Ministerio contin\u00faa trabajando en todas sus \u00e1reas y atendiendo los requerimientos de los agricultores de La Araucan\u00eda.<br><\/em><br>Seg\u00fan el informe estad\u00edstico de CONAF al 30 de abril, se registr\u00f3 un alza en los incendios forestales con 1.786 en la presente temporada en La Araucan\u00eda, desglosados en 711 en la provincia de Caut\u00edn y 1,075 en Malleco.<\/p>\n\n\n\n<p>En tanto, en la temporada anterior a la misma fecha los incendios eran 1,345 a nivel regional, donde Caut\u00edn tuvo 551 y Malleco 794. Al respecto el seremi de Agricultura, Ricardo Senn, llam\u00f3 a la ciudadan\u00eda a la prevenci\u00f3n de este tipo de siniestros.<\/p>\n\n\n\n<p>&#8220;Es muy preocupante que tuvi\u00e9ramos un 33% de incendios forestales m\u00e1s a la fecha que en la temporada anterior, lo que significa que hay casi 41 mil hect\u00e1reas afectadas. Eso implica que en medio de esta pandemia se ha tenido que mantener entre la CONAF y empresas privadas a 8 brigadas, una de ellas helitransportada y todav\u00eda 7 torres de vigilancia, m\u00e1s una cantidad importante de material mecanizado desplegado, por cuanto el llamado a la ciudadan\u00eda es a seguir previniendo&#8221;, dijo el encargado del agro en La Araucan\u00eda.<\/p>\n\n\n\n<p>En cuanto a superficie afectada a nivel regional, alcanza los 40.896.18 hect\u00e1reas, donde Malleco tiene 32.852.04 y Caut\u00edn 8.044.14. En tanto, el a\u00f1o pasado en esta misma fecha la cifra total en la regi\u00f3n era de 27.939.42 hect\u00e1reas.\u00a0<\/p>\n\n\n\n<p>El seremi Ricardo Senn, destac\u00f3 que a pesar de esta alza en los incendios forestales, m\u00e1s todas las diferentes acciones que han debido realizar los funcionarios del Ministerio en la zona por la situaci\u00f3n del Covid-19, se contin\u00faa atendiendo todos los requerimientos de los agricultores.<\/p>\n\n\n\n<p>&#8220;El Ministerio de Agricultura durante este tiempo de urgencia sanitaria no ha dejado de trabajar en todas sus \u00e1reas, tanto en el \u00e1mbito de la producci\u00f3n agr\u00edcola, los incendios forestales, la inspecci\u00f3n agroalimentaria y el apoyo en los cordones sanitarios, para que toda la gente de La Araucan\u00eda y el pa\u00eds tengan la certeza absoluta de que se seguir\u00e1 con todas est\u00e1s acciones, ya que es nuestra responsabilidad en medio de esta pandemia&#8221;, afirm\u00f3 el seremi de Agricultura, Ricardo Senn.\u00a0<\/p>\n\n\n\n<p><\/p>\n","protected":false},"excerpt":{"rendered":"<div class=\"pvc_clear\"><\/div>\n<p id=\"pvc_stats_10115\" class=\"pvc_stats total_only  \" data-element-id=\"10115\" style=\"\"><i class=\"pvc-stats-icon large\" aria-hidden=\"true\"><svg aria-hidden=\"true\" focusable=\"false\" data-prefix=\"far\" data-icon=\"chart-bar\" role=\"img\" xmlns=\"http:\/\/www.w3.org\/2000\/svg\" viewBox=\"0 0 512 512\" class=\"svg-inline--fa fa-chart-bar fa-w-16 fa-2x\"><path fill=\"currentColor\" d=\"M396.8 352h22.4c6.4 0 12.8-6.4 12.8-12.8V108.8c0-6.4-6.4-12.8-12.8-12.8h-22.4c-6.4 0-12.8 6.4-12.8 12.8v230.4c0 6.4 6.4 12.8 12.8 12.8zm-192 0h22.4c6.4 0 12.8-6.4 12.8-12.8V140.8c0-6.4-6.4-12.8-12.8-12.8h-22.4c-6.4 0-12.8 6.4-12.8 12.8v198.4c0 6.4 6.4 12.8 12.8 12.8zm96 0h22.4c6.4 0 12.8-6.4 12.8-12.8V204.8c0-6.4-6.4-12.8-12.8-12.8h-22.4c-6.4 0-12.8 6.4-12.8 12.8v134.4c0 6.4 6.4 12.8 12.8 12.8zM496 400H48V80c0-8.84-7.16-16-16-16H16C7.16 64 0 71.16 0 80v336c0 17.67 14.33 32 32 32h464c8.84 0 16-7.16 16-16v-16c0-8.84-7.16-16-16-16zm-387.2-48h22.4c6.4 0 12.8-6.4 12.8-12.8v-70.4c0-6.4-6.4-12.8-12.8-12.8h-22.4c-6.4 0-12.8 6.4-12.8 12.8v70.4c0 6.4 6.4 12.8 12.8 12.8z\" class=\"\"><\/path><\/svg><\/i> <img loading=\"lazy\" decoding=\"async\" width=\"16\" height=\"16\" alt=\"Loading\" src=\"https:\/\/temucotelevision.cl\/web\/wp-content\/plugins\/page-views-count\/ajax-loader-2x.gif\" border=0 \/><\/p>\n<div class=\"pvc_clear\"><\/div>\n<p>Ricardo Senn, destac\u00f3 que a pesar de esta alza y todas las acciones que se realizan por el Covid-19, el<\/p>\n","protected":false},"author":1,"featured_media":10116,"comment_status":"open","ping_status":"open","sticky":false,"template":"","format":"standard","meta":{"colormag_page_container_layout":"default_layout","colormag_page_sidebar_layout":"default_layout","footnotes":""},"categories":[101],"tags":[266],"class_list":["post-10115","post","type-post","status-publish","format-standard","has-post-thumbnail","hentry","category-actualidad","tag-incendios"],"a3_pvc":{"activated":true,"total_views":18,"today_views":0},"_links":{"self":[{"href":"https:\/\/temucotelevision.cl\/web\/wp-json\/wp\/v2\/posts\/10115","targetHints":{"allow":["GET"]}}],"collection":[{"href":"https:\/\/temucotelevision.cl\/web\/wp-json\/wp\/v2\/posts"}],"about":[{"href":"https:\/\/temucotelevision.cl\/web\/wp-json\/wp\/v2\/types\/post"}],"author":[{"embeddable":true,"href":"https:\/\/temucotelevision.cl\/web\/wp-json\/wp\/v2\/users\/1"}],"replies":[{"embeddable":true,"href":"https:\/\/temucotelevision.cl\/web\/wp-json\/wp\/v2\/comments?post=10115"}],"version-history":[{"count":1,"href":"https:\/\/temucotelevision.cl\/web\/wp-json\/wp\/v2\/posts\/10115\/revisions"}],"predecessor-version":[{"id":10117,"href":"https:\/\/temucotelevision.cl\/web\/wp-json\/wp\/v2\/posts\/10115\/revisions\/10117"}],"wp:featuredmedia":[{"embeddable":true,"href":"https:\/\/temucotelevision.cl\/web\/wp-json\/wp\/v2\/media\/10116"}],"wp:attachment":[{"href":"https:\/\/temucotelevision.cl\/web\/wp-json\/wp\/v2\/media?parent=10115"}],"wp:term":[{"taxonomy":"category","embeddable":true,"href":"https:\/\/temucotelevision.cl\/web\/wp-json\/wp\/v2\/categories?post=10115"},{"taxonomy":"post_tag","embeddable":true,"href":"https:\/\/temucotelevision.cl\/web\/wp-json\/wp\/v2\/tags?post=10115"}],"curies":[{"name":"wp","href":"https:\/\/api.w.org\/{rel}","templated":true}]}}