{"id":10112,"date":"2020-05-03T21:20:16","date_gmt":"2020-05-04T00:20:16","guid":{"rendered":"https:\/\/temucotelevision.cl\/web\/?p=10112"},"modified":"2020-05-03T21:20:18","modified_gmt":"2020-05-04T00:20:18","slug":"gobernador-beltran-relevo-importancia-del-ministro-blumel-a-la-araucania","status":"publish","type":"post","link":"https:\/\/temucotelevision.cl\/web\/2020\/05\/03\/gobernador-beltran-relevo-importancia-del-ministro-blumel-a-la-araucania\/","title":{"rendered":"Gobernador Beltr\u00e1n relev\u00f3 importancia del Ministro Blumel a La Araucan\u00eda"},"content":{"rendered":"<div class=\"pvc_clear\"><\/div><p id=\"pvc_stats_10112\" class=\"pvc_stats total_only  \" data-element-id=\"10112\" style=\"\"><i class=\"pvc-stats-icon large\" aria-hidden=\"true\"><svg aria-hidden=\"true\" focusable=\"false\" data-prefix=\"far\" data-icon=\"chart-bar\" role=\"img\" xmlns=\"http:\/\/www.w3.org\/2000\/svg\" viewBox=\"0 0 512 512\" class=\"svg-inline--fa fa-chart-bar fa-w-16 fa-2x\"><path fill=\"currentColor\" d=\"M396.8 352h22.4c6.4 0 12.8-6.4 12.8-12.8V108.8c0-6.4-6.4-12.8-12.8-12.8h-22.4c-6.4 0-12.8 6.4-12.8 12.8v230.4c0 6.4 6.4 12.8 12.8 12.8zm-192 0h22.4c6.4 0 12.8-6.4 12.8-12.8V140.8c0-6.4-6.4-12.8-12.8-12.8h-22.4c-6.4 0-12.8 6.4-12.8 12.8v198.4c0 6.4 6.4 12.8 12.8 12.8zm96 0h22.4c6.4 0 12.8-6.4 12.8-12.8V204.8c0-6.4-6.4-12.8-12.8-12.8h-22.4c-6.4 0-12.8 6.4-12.8 12.8v134.4c0 6.4 6.4 12.8 12.8 12.8zM496 400H48V80c0-8.84-7.16-16-16-16H16C7.16 64 0 71.16 0 80v336c0 17.67 14.33 32 32 32h464c8.84 0 16-7.16 16-16v-16c0-8.84-7.16-16-16-16zm-387.2-48h22.4c6.4 0 12.8-6.4 12.8-12.8v-70.4c0-6.4-6.4-12.8-12.8-12.8h-22.4c-6.4 0-12.8 6.4-12.8 12.8v70.4c0 6.4 6.4 12.8 12.8 12.8z\" class=\"\"><\/path><\/svg><\/i> <img loading=\"lazy\" decoding=\"async\" width=\"16\" height=\"16\" alt=\"Loading\" src=\"https:\/\/temucotelevision.cl\/web\/wp-content\/plugins\/page-views-count\/ajax-loader-2x.gif\" border=0 \/><\/p><div class=\"pvc_clear\"><\/div>\n<ul class=\"wp-block-list\"><li>El Ministro del Interior se traslad\u00f3 hasta Temuco, para encabezar la primera reuni\u00f3n de Macrozona Sur de este a\u00f1o 2020.<\/li><\/ul>\n\n\n\n<p>Recientemente el ministro del Interior y Seguridad Publica, Gonzalo Blumel, estuvo en Temuco, con el objetivo de encabezar la primera reuni\u00f3n de seguridad de los integrantes de la Macrozona Sur, c\u00f3nclave en el que particip\u00f3 el gobernador de la provincia de Malleco, Juan Carlos Beltr\u00e1n.&nbsp;<\/p>\n\n\n\n<p>\u201cEs de m\u00e1xima importancia retomar estas reuniones de coordinaci\u00f3n en materia de seguridad en la Macrozona Sur, que son fundamentales para poder asegurar una adecuada y oportuna respuesta de las instituciones de la seguridad frente a las contingencias de orden p\u00fablico\u201d, se\u00f1al\u00f3 el Jefe de Gabinete tras su primera visita a la zona en su calidad de titular de la cartera de Interior.<\/p>\n\n\n\n<p>En las dependencias de la Intendencia Regional se desarroll\u00f3 la reuni\u00f3n de seguridad con los intendentes de La Araucan\u00eda y Biob\u00edo, y los gobernadores de Malleco, Caut\u00edn y Arauco. Tambi\u00e9n participaron en este encuentro el Director Nacional de Orden Seguridad y Seguridad de Carabineros, general Ricardo Y\u00e1\u00f1ez; el subdirector de Investigaci\u00f3n Policial y Criminal\u00edstica de la PDI, Carlos Y\u00e1\u00f1ez, adem\u00e1s de los jefes de la Defensa Nacional de La Araucan\u00eda y Biob\u00edo y los jefes de zona de carabineros, entre otros.<\/p>\n\n\n\n<p>El gobernador Juan Carlos Beltr\u00e1n se\u00f1al\u00f3 que en la ocasi\u00f3n, se plantearon las medidas que se han adoptado para abordar la violencia en la zona y acciones para enfrentar la crisis sanitaria producto de la pandemia.&nbsp;<\/p>\n\n\n\n<p>Asimismo indic\u00f3 que \u201cen estos momentos, cuando estamos atravesando esta in\u00e9dita situaci\u00f3n que necesita de medidas extraordinarias, es de suma importancia este tipo de reuniones que ponen de manifiesto el profundo compromiso de nuestras autoridades nacionales con los ciudadanos y muy especialmente con los habitantes de La Araucan\u00eda y por eso saludo y relevo la disposici\u00f3n del ministro Gonzalo Blumel para encabezar esta primera reuni\u00f3n del a\u00f1o de la Macrozona Sur\u201d.<\/p>\n\n\n\n<p>Finalmente, el Jefe Provincial afirm\u00f3 que \u201cvaloro y agradezco al Ministro que est\u00e9 en nuestra Regi\u00f3n y por sobre todo su humildad para escuchar los requerimientos de la ciudadan\u00eda que a trav\u00e9s de las Intendencias y Gobernaciones le podemos hacer. En mi concepto, la seguridad es uno de los temas m\u00e1s importantes y sensibles para los habitantes\u201d.<\/p>\n","protected":false},"excerpt":{"rendered":"<div class=\"pvc_clear\"><\/div>\n<p id=\"pvc_stats_10112\" class=\"pvc_stats total_only  \" data-element-id=\"10112\" style=\"\"><i class=\"pvc-stats-icon large\" aria-hidden=\"true\"><svg aria-hidden=\"true\" focusable=\"false\" data-prefix=\"far\" data-icon=\"chart-bar\" role=\"img\" xmlns=\"http:\/\/www.w3.org\/2000\/svg\" viewBox=\"0 0 512 512\" class=\"svg-inline--fa fa-chart-bar fa-w-16 fa-2x\"><path fill=\"currentColor\" d=\"M396.8 352h22.4c6.4 0 12.8-6.4 12.8-12.8V108.8c0-6.4-6.4-12.8-12.8-12.8h-22.4c-6.4 0-12.8 6.4-12.8 12.8v230.4c0 6.4 6.4 12.8 12.8 12.8zm-192 0h22.4c6.4 0 12.8-6.4 12.8-12.8V140.8c0-6.4-6.4-12.8-12.8-12.8h-22.4c-6.4 0-12.8 6.4-12.8 12.8v198.4c0 6.4 6.4 12.8 12.8 12.8zm96 0h22.4c6.4 0 12.8-6.4 12.8-12.8V204.8c0-6.4-6.4-12.8-12.8-12.8h-22.4c-6.4 0-12.8 6.4-12.8 12.8v134.4c0 6.4 6.4 12.8 12.8 12.8zM496 400H48V80c0-8.84-7.16-16-16-16H16C7.16 64 0 71.16 0 80v336c0 17.67 14.33 32 32 32h464c8.84 0 16-7.16 16-16v-16c0-8.84-7.16-16-16-16zm-387.2-48h22.4c6.4 0 12.8-6.4 12.8-12.8v-70.4c0-6.4-6.4-12.8-12.8-12.8h-22.4c-6.4 0-12.8 6.4-12.8 12.8v70.4c0 6.4 6.4 12.8 12.8 12.8z\" class=\"\"><\/path><\/svg><\/i> <img loading=\"lazy\" decoding=\"async\" width=\"16\" height=\"16\" alt=\"Loading\" src=\"https:\/\/temucotelevision.cl\/web\/wp-content\/plugins\/page-views-count\/ajax-loader-2x.gif\" border=0 \/><\/p>\n<div class=\"pvc_clear\"><\/div>\n<p>El Ministro del Interior se traslad\u00f3 hasta Temuco, para encabezar la primera reuni\u00f3n de Macrozona Sur de este a\u00f1o 2020.<\/p>\n","protected":false},"author":1,"featured_media":10113,"comment_status":"open","ping_status":"open","sticky":false,"template":"","format":"standard","meta":{"colormag_page_container_layout":"default_layout","colormag_page_sidebar_layout":"default_layout","footnotes":""},"categories":[101],"tags":[510,617],"class_list":["post-10112","post","type-post","status-publish","format-standard","has-post-thumbnail","hentry","category-actualidad","tag-malleco","tag-visita"],"a3_pvc":{"activated":true,"total_views":37,"today_views":0},"_links":{"self":[{"href":"https:\/\/temucotelevision.cl\/web\/wp-json\/wp\/v2\/posts\/10112","targetHints":{"allow":["GET"]}}],"collection":[{"href":"https:\/\/temucotelevision.cl\/web\/wp-json\/wp\/v2\/posts"}],"about":[{"href":"https:\/\/temucotelevision.cl\/web\/wp-json\/wp\/v2\/types\/post"}],"author":[{"embeddable":true,"href":"https:\/\/temucotelevision.cl\/web\/wp-json\/wp\/v2\/users\/1"}],"replies":[{"embeddable":true,"href":"https:\/\/temucotelevision.cl\/web\/wp-json\/wp\/v2\/comments?post=10112"}],"version-history":[{"count":1,"href":"https:\/\/temucotelevision.cl\/web\/wp-json\/wp\/v2\/posts\/10112\/revisions"}],"predecessor-version":[{"id":10114,"href":"https:\/\/temucotelevision.cl\/web\/wp-json\/wp\/v2\/posts\/10112\/revisions\/10114"}],"wp:featuredmedia":[{"embeddable":true,"href":"https:\/\/temucotelevision.cl\/web\/wp-json\/wp\/v2\/media\/10113"}],"wp:attachment":[{"href":"https:\/\/temucotelevision.cl\/web\/wp-json\/wp\/v2\/media?parent=10112"}],"wp:term":[{"taxonomy":"category","embeddable":true,"href":"https:\/\/temucotelevision.cl\/web\/wp-json\/wp\/v2\/categories?post=10112"},{"taxonomy":"post_tag","embeddable":true,"href":"https:\/\/temucotelevision.cl\/web\/wp-json\/wp\/v2\/tags?post=10112"}],"curies":[{"name":"wp","href":"https:\/\/api.w.org\/{rel}","templated":true}]}}