{"id":10107,"date":"2020-05-03T20:59:04","date_gmt":"2020-05-03T23:59:04","guid":{"rendered":"https:\/\/temucotelevision.cl\/web\/?p=10107"},"modified":"2020-05-03T20:59:40","modified_gmt":"2020-05-03T23:59:40","slug":"municipalidad-de-temuco-recibio-nuevo-generador-de-electricidad-para-situaciones-de-emergencia%ef%bb%bf","status":"publish","type":"post","link":"https:\/\/temucotelevision.cl\/web\/2020\/05\/03\/municipalidad-de-temuco-recibio-nuevo-generador-de-electricidad-para-situaciones-de-emergencia%ef%bb%bf\/","title":{"rendered":"Municipalidad de Temuco recibi\u00f3 nuevo generador de electricidad para situaciones de emergencia\ufeff"},"content":{"rendered":"<div class=\"pvc_clear\"><\/div><p id=\"pvc_stats_10107\" class=\"pvc_stats total_only  \" data-element-id=\"10107\" style=\"\"><i class=\"pvc-stats-icon large\" aria-hidden=\"true\"><svg aria-hidden=\"true\" focusable=\"false\" data-prefix=\"far\" data-icon=\"chart-bar\" role=\"img\" xmlns=\"http:\/\/www.w3.org\/2000\/svg\" viewBox=\"0 0 512 512\" class=\"svg-inline--fa fa-chart-bar fa-w-16 fa-2x\"><path fill=\"currentColor\" d=\"M396.8 352h22.4c6.4 0 12.8-6.4 12.8-12.8V108.8c0-6.4-6.4-12.8-12.8-12.8h-22.4c-6.4 0-12.8 6.4-12.8 12.8v230.4c0 6.4 6.4 12.8 12.8 12.8zm-192 0h22.4c6.4 0 12.8-6.4 12.8-12.8V140.8c0-6.4-6.4-12.8-12.8-12.8h-22.4c-6.4 0-12.8 6.4-12.8 12.8v198.4c0 6.4 6.4 12.8 12.8 12.8zm96 0h22.4c6.4 0 12.8-6.4 12.8-12.8V204.8c0-6.4-6.4-12.8-12.8-12.8h-22.4c-6.4 0-12.8 6.4-12.8 12.8v134.4c0 6.4 6.4 12.8 12.8 12.8zM496 400H48V80c0-8.84-7.16-16-16-16H16C7.16 64 0 71.16 0 80v336c0 17.67 14.33 32 32 32h464c8.84 0 16-7.16 16-16v-16c0-8.84-7.16-16-16-16zm-387.2-48h22.4c6.4 0 12.8-6.4 12.8-12.8v-70.4c0-6.4-6.4-12.8-12.8-12.8h-22.4c-6.4 0-12.8 6.4-12.8 12.8v70.4c0 6.4 6.4 12.8 12.8 12.8z\" class=\"\"><\/path><\/svg><\/i> <img loading=\"lazy\" decoding=\"async\" width=\"16\" height=\"16\" alt=\"Loading\" src=\"https:\/\/temucotelevision.cl\/web\/wp-content\/plugins\/page-views-count\/ajax-loader-2x.gif\" border=0 \/><\/p><div class=\"pvc_clear\"><\/div>\n<p><em>El equipo fue entregado en comodato gratuito por la empresa Finning Caterpillar e instalado en el Centro de Salud Familiar Villa Alegre.&nbsp;<\/em><\/p>\n\n\n\n<p>Un importante aporte recibi\u00f3 la Municipalidad de Temuco en tiempos de pandemia por Covid-19, ya que la empresa de maquinarias Finning Caterpillar entreg\u00f3 un generador de electricidad de \u00faltima generaci\u00f3n al Centro de Salud Familiar Villa Alegre, que permitir\u00e1 que el establecimiento pueda funcionar en \u00f3ptimas condiciones en caso de cualquier eventualidad.<\/p>\n\n\n\n<p>Hay que destacar que el dispositivo tiene una capacidad de 150 Kva de potencia, que cuenta con un tablero de transferencia para que pueda funcionar de forma autom\u00e1tica en caso de fallas en el suministro el\u00e9ctrico. El equipo actualmente tiene un aval\u00fao superior a los 25 millones de pesos, que fue entregado al centro de salud en comodato gratuito durante los pr\u00f3ximos a\u00f1os.&nbsp;<\/p>\n\n\n\n<p>Tras la firma de recepci\u00f3n el alcalde de Temuco, Miguel Becker, se mostr\u00f3 muy contento por el aporte recibido, \u201c<em>agradecer a Finning Caterpillar que nos entrega el d\u00eda de hoy en calidad de pr\u00e9stamo este gran generador que nos va a permitir tener un respaldo el\u00e9ctrico en nuestro Cesfam Villa Alegre. Reiteramos los agradecimientos a la empresa privada que se est\u00e1n poniendo las pilas durante esta emergencia<\/em>\u201d.&nbsp;<\/p>\n\n\n\n<p>Por su parte el gerente de la sucursal Finning CAT en Temuco, Fernando Dur\u00e1n agreg\u00f3 que es muy importante ayudar a las instituciones p\u00fablicas en estos tiempos dif\u00edciles,&nbsp;<em>\u201ca trav\u00e9s del municipio generamos este contacto para seguir ayudando en este tipo de iniciativas. Estuvimos en el terremoto 2010 apoyando a las zonas afectadas y hoy d\u00eda tambi\u00e9n seguimos presentes, muestra de aquello es la entrega de este equipo de \u00faltima generaci\u00f3n que apoyar\u00e1 al Cesfam con el respaldo de energ\u00eda necesario para el funcionamiento de todos sus equipos<\/em>\u201d.&nbsp;<\/p>\n\n\n\n<p>Finalmente, el director del Centro de Salud Familiar Villa Alegre, Hans Oppermann agreg\u00f3 que este generador renovar\u00e1 al actual equipo que est\u00e1 operando en el recinto, el cual ya cumpli\u00f3 su periodo de vida \u00fatil, \u201c<em>como establecimiento de salud necesitamos tener permanentemente energ\u00eda el\u00e9ctrica y sabemos que muchas veces hay cortes por sobreconsumo o por mantenimiento, por ende, debemos contar con un equipo de estas caracter\u00edsticas ya que tenemos maquinarias, instrumentos y computadores que necesitan estar siempre operativos.&nbsp;&nbsp;Adem\u00e1s, en muy necesario tener los refrigeradores especiales funcionando para el cuidado de nuestras vacunas, ya que las dosis no pueden estar a una temperatura superior a los cinco grados, pues de lo contrario estas se inutilizar\u00edan<\/em>\u201d cerr\u00f3.<\/p>\n\n\n\n<p>Hay que destacar que el Centro de Salud Villa Alegre atiende a m\u00e1s de veinticinco mil personas de la comuna de Temuco, por ende, es importante el funcionamiento \u00f3ptimo y sin interrupciones de todos sus equipos. Sobre todo, en situaciones adversas como cortes del suministro el\u00e9ctrico que puedan afectar la atenci\u00f3n a p\u00fablico de los usuarios del sistema de salud municipalizado.&nbsp;<\/p>\n","protected":false},"excerpt":{"rendered":"<div class=\"pvc_clear\"><\/div>\n<p id=\"pvc_stats_10107\" class=\"pvc_stats total_only  \" data-element-id=\"10107\" style=\"\"><i class=\"pvc-stats-icon large\" aria-hidden=\"true\"><svg aria-hidden=\"true\" focusable=\"false\" data-prefix=\"far\" data-icon=\"chart-bar\" role=\"img\" xmlns=\"http:\/\/www.w3.org\/2000\/svg\" viewBox=\"0 0 512 512\" class=\"svg-inline--fa fa-chart-bar fa-w-16 fa-2x\"><path fill=\"currentColor\" d=\"M396.8 352h22.4c6.4 0 12.8-6.4 12.8-12.8V108.8c0-6.4-6.4-12.8-12.8-12.8h-22.4c-6.4 0-12.8 6.4-12.8 12.8v230.4c0 6.4 6.4 12.8 12.8 12.8zm-192 0h22.4c6.4 0 12.8-6.4 12.8-12.8V140.8c0-6.4-6.4-12.8-12.8-12.8h-22.4c-6.4 0-12.8 6.4-12.8 12.8v198.4c0 6.4 6.4 12.8 12.8 12.8zm96 0h22.4c6.4 0 12.8-6.4 12.8-12.8V204.8c0-6.4-6.4-12.8-12.8-12.8h-22.4c-6.4 0-12.8 6.4-12.8 12.8v134.4c0 6.4 6.4 12.8 12.8 12.8zM496 400H48V80c0-8.84-7.16-16-16-16H16C7.16 64 0 71.16 0 80v336c0 17.67 14.33 32 32 32h464c8.84 0 16-7.16 16-16v-16c0-8.84-7.16-16-16-16zm-387.2-48h22.4c6.4 0 12.8-6.4 12.8-12.8v-70.4c0-6.4-6.4-12.8-12.8-12.8h-22.4c-6.4 0-12.8 6.4-12.8 12.8v70.4c0 6.4 6.4 12.8 12.8 12.8z\" class=\"\"><\/path><\/svg><\/i> <img loading=\"lazy\" decoding=\"async\" width=\"16\" height=\"16\" alt=\"Loading\" src=\"https:\/\/temucotelevision.cl\/web\/wp-content\/plugins\/page-views-count\/ajax-loader-2x.gif\" border=0 \/><\/p>\n<div class=\"pvc_clear\"><\/div>\n<p>El equipo fue entregado en comodato gratuito por la empresa Finning Caterpillar e instalado en el Centro de Salud Familiar<\/p>\n","protected":false},"author":1,"featured_media":10108,"comment_status":"open","ping_status":"open","sticky":false,"template":"","format":"standard","meta":{"colormag_page_container_layout":"default_layout","colormag_page_sidebar_layout":"default_layout","footnotes":""},"categories":[14],"tags":[1602,807],"class_list":["post-10107","post","type-post","status-publish","format-standard","has-post-thumbnail","hentry","category-temuco","tag-generador","tag-municipalidad"],"a3_pvc":{"activated":true,"total_views":67,"today_views":0},"_links":{"self":[{"href":"https:\/\/temucotelevision.cl\/web\/wp-json\/wp\/v2\/posts\/10107","targetHints":{"allow":["GET"]}}],"collection":[{"href":"https:\/\/temucotelevision.cl\/web\/wp-json\/wp\/v2\/posts"}],"about":[{"href":"https:\/\/temucotelevision.cl\/web\/wp-json\/wp\/v2\/types\/post"}],"author":[{"embeddable":true,"href":"https:\/\/temucotelevision.cl\/web\/wp-json\/wp\/v2\/users\/1"}],"replies":[{"embeddable":true,"href":"https:\/\/temucotelevision.cl\/web\/wp-json\/wp\/v2\/comments?post=10107"}],"version-history":[{"count":2,"href":"https:\/\/temucotelevision.cl\/web\/wp-json\/wp\/v2\/posts\/10107\/revisions"}],"predecessor-version":[{"id":10110,"href":"https:\/\/temucotelevision.cl\/web\/wp-json\/wp\/v2\/posts\/10107\/revisions\/10110"}],"wp:featuredmedia":[{"embeddable":true,"href":"https:\/\/temucotelevision.cl\/web\/wp-json\/wp\/v2\/media\/10108"}],"wp:attachment":[{"href":"https:\/\/temucotelevision.cl\/web\/wp-json\/wp\/v2\/media?parent=10107"}],"wp:term":[{"taxonomy":"category","embeddable":true,"href":"https:\/\/temucotelevision.cl\/web\/wp-json\/wp\/v2\/categories?post=10107"},{"taxonomy":"post_tag","embeddable":true,"href":"https:\/\/temucotelevision.cl\/web\/wp-json\/wp\/v2\/tags?post=10107"}],"curies":[{"name":"wp","href":"https:\/\/api.w.org\/{rel}","templated":true}]}}