{"id":10104,"date":"2020-05-03T16:56:28","date_gmt":"2020-05-03T19:56:28","guid":{"rendered":"https:\/\/temucotelevision.cl\/web\/?p=10104"},"modified":"2020-05-03T16:56:30","modified_gmt":"2020-05-03T19:56:30","slug":"fonseca-hace-una-entrega-especial-se-trata-de-la-cancion-lo-que-ayer-era-normal","status":"publish","type":"post","link":"https:\/\/temucotelevision.cl\/web\/2020\/05\/03\/fonseca-hace-una-entrega-especial-se-trata-de-la-cancion-lo-que-ayer-era-normal\/","title":{"rendered":"Fonseca hace una entrega especial, se trata de la canci\u00f3n &#8220;lo que ayer era normal&#8221;"},"content":{"rendered":"<div class=\"pvc_clear\"><\/div><p id=\"pvc_stats_10104\" class=\"pvc_stats total_only  \" data-element-id=\"10104\" style=\"\"><i class=\"pvc-stats-icon large\" aria-hidden=\"true\"><svg aria-hidden=\"true\" focusable=\"false\" data-prefix=\"far\" data-icon=\"chart-bar\" role=\"img\" xmlns=\"http:\/\/www.w3.org\/2000\/svg\" viewBox=\"0 0 512 512\" class=\"svg-inline--fa fa-chart-bar fa-w-16 fa-2x\"><path fill=\"currentColor\" d=\"M396.8 352h22.4c6.4 0 12.8-6.4 12.8-12.8V108.8c0-6.4-6.4-12.8-12.8-12.8h-22.4c-6.4 0-12.8 6.4-12.8 12.8v230.4c0 6.4 6.4 12.8 12.8 12.8zm-192 0h22.4c6.4 0 12.8-6.4 12.8-12.8V140.8c0-6.4-6.4-12.8-12.8-12.8h-22.4c-6.4 0-12.8 6.4-12.8 12.8v198.4c0 6.4 6.4 12.8 12.8 12.8zm96 0h22.4c6.4 0 12.8-6.4 12.8-12.8V204.8c0-6.4-6.4-12.8-12.8-12.8h-22.4c-6.4 0-12.8 6.4-12.8 12.8v134.4c0 6.4 6.4 12.8 12.8 12.8zM496 400H48V80c0-8.84-7.16-16-16-16H16C7.16 64 0 71.16 0 80v336c0 17.67 14.33 32 32 32h464c8.84 0 16-7.16 16-16v-16c0-8.84-7.16-16-16-16zm-387.2-48h22.4c6.4 0 12.8-6.4 12.8-12.8v-70.4c0-6.4-6.4-12.8-12.8-12.8h-22.4c-6.4 0-12.8 6.4-12.8 12.8v70.4c0 6.4 6.4 12.8 12.8 12.8z\" class=\"\"><\/path><\/svg><\/i> <img loading=\"lazy\" decoding=\"async\" width=\"16\" height=\"16\" alt=\"Loading\" src=\"https:\/\/temucotelevision.cl\/web\/wp-content\/plugins\/page-views-count\/ajax-loader-2x.gif\" border=0 \/><\/p><div class=\"pvc_clear\"><\/div>\n<p>\u201c<em>Cierra los ojos para encontrarnos frente a frente\u2026<\/em><\/p>\n\n\n\n<p><em>Y que este abrazo dure en el alma para siempre\u2026<\/em><\/p>\n\n\n\n<p><em>Nunca sent\u00ed esta necesidad urgente\u2026<\/em><\/p>\n\n\n\n<p><em>Y que supieras lo importante que es tenerte\u201d\u2026<\/em><\/p>\n\n\n\n<p><em>\u201cEsta lejan\u00eda duele cada d\u00eda mira que iron\u00eda esto que nos esta pasa amor\u2026<\/em><\/p>\n\n\n\n<p><em>Lo que ayer era normal\u2026 hoy es lo m\u00e1s grande de esta vida<\/em>\u201d.<\/p>\n\n\n\n<p>\u201cY cuando yo vuelva abrazarte\u2026 te lo prometo, mi coraz\u00f3n no va soltarte\u201d<\/p>\n\n\n\n<figure><iframe loading=\"lazy\" width=\"560\" height=\"315\" src=\"https:\/\/www.youtube.com\/embed\/hthfsquHMME\" allowfullscreen=\"\"><\/iframe><\/figure>\n\n\n\n<p>&nbsp;El mundo se detuvo, el planeta comenz\u00f3 a respirar y los humanos a extra\u00f1ar; los abrazos y las expresiones de cari\u00f1o hoy se han pospuesto. Estas, extra\u00f1as sensaciones las ha llevado el cantautor Fonseca a una de sus m\u00e1s sentidas composiciones donde el tiempo se convierte en lo m\u00e1s preciado.<\/p>\n\n\n\n<p>\u201c<em>Para mi esta canci\u00f3n lo m\u00e1s importante que tiene es esa reflexi\u00f3n sobre el&nbsp;tiempo\u2026 es darle el verdadero valor que se merece\u2026 y habla de esa lejan\u00eda que estamos todos viviendo de las familias, parejas, amigos, de todos\u2026 El mundo nos est\u00e1 mostrando lo vulnerables que somos\u2026y de ah\u00ed nace \u201cLo Que Ayer Era Normal<\/em>\u201d, comenta el artista.<\/p>\n\n\n\n<p><strong>\u201cLo Que Ayer Era Normal\u201d&nbsp;<\/strong>tiene adem\u00e1s, una misi\u00f3n en medio del confinamiento que vivimos, es acompa\u00f1a a trav\u00e9s de su melod\u00eda. Es decirle al mundo que todos estamos viviendo y sintiendo lo mismo. \u00c9ste tema adem\u00e1s,&nbsp; es la mejor muestra de amor que podemos entregarle a nuestros seres queridos.&nbsp;<\/p>\n\n\n\n<p>Es por eso que hoy Fonseca hace esta entrega especial que comenz\u00f3 a componer hace unos d\u00edas junto a Yoel Henr\u00edquez; la interpretar\u00e1 por primera vez durante la transmisi\u00f3n de \u201cColombia Cuida a Colombia\u201d este 1 de mayo.<\/p>\n\n\n\n<p>\u201c<em>Nuestra labor tiene un fin en este momento y tiene que ver con el servicio que prestamos los m\u00fasicos y compositores a la gente.&nbsp; Es poderle transmitir lo que est\u00e1n sintiendo en canciones y creo que muchas personas se van a ver representadas en \u00e9sta en especial<\/em>\u201d, concluy\u00f3.<\/p>\n\n\n\n<p>El video de la canci\u00f3n \u201cLo Que Ayer Era Normal\u201d recorre ciudades aparentemente deshabitadas por la situaci\u00f3n de pandemia global, pero a medida que avanza descongela los recuerdos de las personas y las memorias de un mundo que regresar\u00e1 para valorarlo a\u00fan m\u00e1s.<\/p>\n\n\n\n<p>Director: Leo Gonz\u00e1lez<\/p>\n\n\n\n<p>Director de animaci\u00f3n y postproducci\u00f3n: Rub\u00e9n Antorveza Producci\u00f3n: Mar\u00eda Jos\u00e9 Marulanda<\/p>\n\n\n\n<p>Agradecimientos: Cecilia Amaya y Camilo B\u00e1ez<\/p>\n\n\n\n<p>Nueve Voltios + Rub\u00e9n Antorveza<\/p>\n","protected":false},"excerpt":{"rendered":"<div class=\"pvc_clear\"><\/div>\n<p id=\"pvc_stats_10104\" class=\"pvc_stats total_only  \" data-element-id=\"10104\" style=\"\"><i class=\"pvc-stats-icon large\" aria-hidden=\"true\"><svg aria-hidden=\"true\" focusable=\"false\" data-prefix=\"far\" data-icon=\"chart-bar\" role=\"img\" xmlns=\"http:\/\/www.w3.org\/2000\/svg\" viewBox=\"0 0 512 512\" class=\"svg-inline--fa fa-chart-bar fa-w-16 fa-2x\"><path fill=\"currentColor\" d=\"M396.8 352h22.4c6.4 0 12.8-6.4 12.8-12.8V108.8c0-6.4-6.4-12.8-12.8-12.8h-22.4c-6.4 0-12.8 6.4-12.8 12.8v230.4c0 6.4 6.4 12.8 12.8 12.8zm-192 0h22.4c6.4 0 12.8-6.4 12.8-12.8V140.8c0-6.4-6.4-12.8-12.8-12.8h-22.4c-6.4 0-12.8 6.4-12.8 12.8v198.4c0 6.4 6.4 12.8 12.8 12.8zm96 0h22.4c6.4 0 12.8-6.4 12.8-12.8V204.8c0-6.4-6.4-12.8-12.8-12.8h-22.4c-6.4 0-12.8 6.4-12.8 12.8v134.4c0 6.4 6.4 12.8 12.8 12.8zM496 400H48V80c0-8.84-7.16-16-16-16H16C7.16 64 0 71.16 0 80v336c0 17.67 14.33 32 32 32h464c8.84 0 16-7.16 16-16v-16c0-8.84-7.16-16-16-16zm-387.2-48h22.4c6.4 0 12.8-6.4 12.8-12.8v-70.4c0-6.4-6.4-12.8-12.8-12.8h-22.4c-6.4 0-12.8 6.4-12.8 12.8v70.4c0 6.4 6.4 12.8 12.8 12.8z\" class=\"\"><\/path><\/svg><\/i> <img loading=\"lazy\" decoding=\"async\" width=\"16\" height=\"16\" alt=\"Loading\" src=\"https:\/\/temucotelevision.cl\/web\/wp-content\/plugins\/page-views-count\/ajax-loader-2x.gif\" border=0 \/><\/p>\n<div class=\"pvc_clear\"><\/div>\n<p>\u201cCierra los ojos para encontrarnos frente a frente\u2026 Y que este abrazo dure en el alma para siempre\u2026 Nunca sent\u00ed<\/p>\n","protected":false},"author":1,"featured_media":10105,"comment_status":"open","ping_status":"open","sticky":false,"template":"","format":"standard","meta":{"colormag_page_container_layout":"default_layout","colormag_page_sidebar_layout":"default_layout","footnotes":""},"categories":[369],"tags":[444,1871],"class_list":["post-10104","post","type-post","status-publish","format-standard","has-post-thumbnail","hentry","category-musica","tag-fonseca","tag-warner"],"a3_pvc":{"activated":true,"total_views":51,"today_views":0},"_links":{"self":[{"href":"https:\/\/temucotelevision.cl\/web\/wp-json\/wp\/v2\/posts\/10104","targetHints":{"allow":["GET"]}}],"collection":[{"href":"https:\/\/temucotelevision.cl\/web\/wp-json\/wp\/v2\/posts"}],"about":[{"href":"https:\/\/temucotelevision.cl\/web\/wp-json\/wp\/v2\/types\/post"}],"author":[{"embeddable":true,"href":"https:\/\/temucotelevision.cl\/web\/wp-json\/wp\/v2\/users\/1"}],"replies":[{"embeddable":true,"href":"https:\/\/temucotelevision.cl\/web\/wp-json\/wp\/v2\/comments?post=10104"}],"version-history":[{"count":1,"href":"https:\/\/temucotelevision.cl\/web\/wp-json\/wp\/v2\/posts\/10104\/revisions"}],"predecessor-version":[{"id":10106,"href":"https:\/\/temucotelevision.cl\/web\/wp-json\/wp\/v2\/posts\/10104\/revisions\/10106"}],"wp:featuredmedia":[{"embeddable":true,"href":"https:\/\/temucotelevision.cl\/web\/wp-json\/wp\/v2\/media\/10105"}],"wp:attachment":[{"href":"https:\/\/temucotelevision.cl\/web\/wp-json\/wp\/v2\/media?parent=10104"}],"wp:term":[{"taxonomy":"category","embeddable":true,"href":"https:\/\/temucotelevision.cl\/web\/wp-json\/wp\/v2\/categories?post=10104"},{"taxonomy":"post_tag","embeddable":true,"href":"https:\/\/temucotelevision.cl\/web\/wp-json\/wp\/v2\/tags?post=10104"}],"curies":[{"name":"wp","href":"https:\/\/api.w.org\/{rel}","templated":true}]}}