{"id":10101,"date":"2020-05-03T16:09:05","date_gmt":"2020-05-03T19:09:05","guid":{"rendered":"https:\/\/temucotelevision.cl\/web\/?p=10101"},"modified":"2020-05-03T16:09:07","modified_gmt":"2020-05-03T19:09:07","slug":"en-padre-las-casas-fiscalizadores-municipales-salen-a-las-calles-para-medir-la-temperatura-a-vecinos","status":"publish","type":"post","link":"https:\/\/temucotelevision.cl\/web\/2020\/05\/03\/en-padre-las-casas-fiscalizadores-municipales-salen-a-las-calles-para-medir-la-temperatura-a-vecinos\/","title":{"rendered":"En Padre las Casas fiscalizadores municipales salen a las calles para medir la temperatura a vecinos"},"content":{"rendered":"<div class=\"pvc_clear\"><\/div><p id=\"pvc_stats_10101\" class=\"pvc_stats total_only  \" data-element-id=\"10101\" style=\"\"><i class=\"pvc-stats-icon large\" aria-hidden=\"true\"><svg aria-hidden=\"true\" focusable=\"false\" data-prefix=\"far\" data-icon=\"chart-bar\" role=\"img\" xmlns=\"http:\/\/www.w3.org\/2000\/svg\" viewBox=\"0 0 512 512\" class=\"svg-inline--fa fa-chart-bar fa-w-16 fa-2x\"><path fill=\"currentColor\" d=\"M396.8 352h22.4c6.4 0 12.8-6.4 12.8-12.8V108.8c0-6.4-6.4-12.8-12.8-12.8h-22.4c-6.4 0-12.8 6.4-12.8 12.8v230.4c0 6.4 6.4 12.8 12.8 12.8zm-192 0h22.4c6.4 0 12.8-6.4 12.8-12.8V140.8c0-6.4-6.4-12.8-12.8-12.8h-22.4c-6.4 0-12.8 6.4-12.8 12.8v198.4c0 6.4 6.4 12.8 12.8 12.8zm96 0h22.4c6.4 0 12.8-6.4 12.8-12.8V204.8c0-6.4-6.4-12.8-12.8-12.8h-22.4c-6.4 0-12.8 6.4-12.8 12.8v134.4c0 6.4 6.4 12.8 12.8 12.8zM496 400H48V80c0-8.84-7.16-16-16-16H16C7.16 64 0 71.16 0 80v336c0 17.67 14.33 32 32 32h464c8.84 0 16-7.16 16-16v-16c0-8.84-7.16-16-16-16zm-387.2-48h22.4c6.4 0 12.8-6.4 12.8-12.8v-70.4c0-6.4-6.4-12.8-12.8-12.8h-22.4c-6.4 0-12.8 6.4-12.8 12.8v70.4c0 6.4 6.4 12.8 12.8 12.8z\" class=\"\"><\/path><\/svg><\/i> <img loading=\"lazy\" decoding=\"async\" width=\"16\" height=\"16\" alt=\"Loading\" src=\"https:\/\/temucotelevision.cl\/web\/wp-content\/plugins\/page-views-count\/ajax-loader-2x.gif\" border=0 \/><\/p><div class=\"pvc_clear\"><\/div>\n<p><em>Los funcionarios municipales, recorren diversas calles de la comuna, principalmente lugares con alta afluencia de p\u00fablico, tales como supermercados, caja de compensaci\u00f3n, banco y edificio municipal. Adem\u00e1s de medir la temperatura a los vecinos, los funcionarios fiscalizan el uso correcto de las mascarillas y distanciamiento social.<\/em><\/p>\n\n\n\n<p>Desde hace varias semanas, fiscalizadores municipales de Padre las Casas, recorren las principales calles de la comuna, con el objetivo de apoyar las diversas iniciativas que ha impulsado el municipio para minimizar los riesgos de contagio y proteger a los vecinos ante el COVID19. Se trata de un equipo de funcionarios, que arriba a los lugares de mayor afluencia de p\u00fablico, tales como supermercados, negocios, centros de salud, locomoci\u00f3n colectiva y banco de la comuna; oportunidad en la cual miden la temperatura a los transe\u00fantes y fiscalizan el uso obligatorio de la mascarilla y el distanciamiento social.<\/p>\n\n\n\n<p><em>\u201cComo municipio, estamos llevando a cabo diversos operativos dentro de la comuna, ya sea de sanitizaci\u00f3n, fiscalizaci\u00f3n y campa\u00f1a de difusi\u00f3n de autocuidado, con el objetivo de proteger a los vecinos de Padre las Casas. Es as\u00ed que, organizamos un grupo de nuestros fiscalizadores para que fuesen a terreno a los lugares m\u00e1s concurridos de la comuna, para as\u00ed medir la temperatura de los vecinos y fiscalizar el uso de las mascarillas, las cuales son obligatorias en nuestra comuna tras una ordenanza municipal. Nuestros funcionarios tambi\u00e9n han arribado a San Ram\u00f3n, para llevar a cabo estos operativos, los cuales son esenciales en estos momentos, donde la prevenci\u00f3n es clave\u201d,&nbsp;<\/em>precis\u00f3 Juan Eduardo Delgado, alcalde de la Comuna de Padre las Casas.<\/p>\n\n\n\n<p>Sumado a este operativo, el municipio ha mantenido de forma permanente la sanitizaci\u00f3n de la comuna, tanto en zona urbana como rural, desinfectando lugares con alto tr\u00e1fico de personas, adem\u00e1s de calles y pasajes residenciales. A la fecha, el equipo municipal, ha sanitizado en m\u00e1s de 3 ocasiones toda la zona urbana de Padre las Casas.&nbsp;&nbsp;<\/p>\n","protected":false},"excerpt":{"rendered":"<div class=\"pvc_clear\"><\/div>\n<p id=\"pvc_stats_10101\" class=\"pvc_stats total_only  \" data-element-id=\"10101\" style=\"\"><i class=\"pvc-stats-icon large\" aria-hidden=\"true\"><svg aria-hidden=\"true\" focusable=\"false\" data-prefix=\"far\" data-icon=\"chart-bar\" role=\"img\" xmlns=\"http:\/\/www.w3.org\/2000\/svg\" viewBox=\"0 0 512 512\" class=\"svg-inline--fa fa-chart-bar fa-w-16 fa-2x\"><path fill=\"currentColor\" d=\"M396.8 352h22.4c6.4 0 12.8-6.4 12.8-12.8V108.8c0-6.4-6.4-12.8-12.8-12.8h-22.4c-6.4 0-12.8 6.4-12.8 12.8v230.4c0 6.4 6.4 12.8 12.8 12.8zm-192 0h22.4c6.4 0 12.8-6.4 12.8-12.8V140.8c0-6.4-6.4-12.8-12.8-12.8h-22.4c-6.4 0-12.8 6.4-12.8 12.8v198.4c0 6.4 6.4 12.8 12.8 12.8zm96 0h22.4c6.4 0 12.8-6.4 12.8-12.8V204.8c0-6.4-6.4-12.8-12.8-12.8h-22.4c-6.4 0-12.8 6.4-12.8 12.8v134.4c0 6.4 6.4 12.8 12.8 12.8zM496 400H48V80c0-8.84-7.16-16-16-16H16C7.16 64 0 71.16 0 80v336c0 17.67 14.33 32 32 32h464c8.84 0 16-7.16 16-16v-16c0-8.84-7.16-16-16-16zm-387.2-48h22.4c6.4 0 12.8-6.4 12.8-12.8v-70.4c0-6.4-6.4-12.8-12.8-12.8h-22.4c-6.4 0-12.8 6.4-12.8 12.8v70.4c0 6.4 6.4 12.8 12.8 12.8z\" class=\"\"><\/path><\/svg><\/i> <img loading=\"lazy\" decoding=\"async\" width=\"16\" height=\"16\" alt=\"Loading\" src=\"https:\/\/temucotelevision.cl\/web\/wp-content\/plugins\/page-views-count\/ajax-loader-2x.gif\" border=0 \/><\/p>\n<div class=\"pvc_clear\"><\/div>\n<p>Los funcionarios municipales, recorren diversas calles de la comuna, principalmente lugares con alta afluencia de p\u00fablico, tales como supermercados, caja<\/p>\n","protected":false},"author":1,"featured_media":10102,"comment_status":"open","ping_status":"open","sticky":false,"template":"","format":"standard","meta":{"colormag_page_container_layout":"default_layout","colormag_page_sidebar_layout":"default_layout","footnotes":""},"categories":[15],"tags":[766,2441],"class_list":["post-10101","post","type-post","status-publish","format-standard","has-post-thumbnail","hentry","category-la-araucania","tag-personas","tag-temperatura"],"a3_pvc":{"activated":true,"total_views":42,"today_views":0},"_links":{"self":[{"href":"https:\/\/temucotelevision.cl\/web\/wp-json\/wp\/v2\/posts\/10101","targetHints":{"allow":["GET"]}}],"collection":[{"href":"https:\/\/temucotelevision.cl\/web\/wp-json\/wp\/v2\/posts"}],"about":[{"href":"https:\/\/temucotelevision.cl\/web\/wp-json\/wp\/v2\/types\/post"}],"author":[{"embeddable":true,"href":"https:\/\/temucotelevision.cl\/web\/wp-json\/wp\/v2\/users\/1"}],"replies":[{"embeddable":true,"href":"https:\/\/temucotelevision.cl\/web\/wp-json\/wp\/v2\/comments?post=10101"}],"version-history":[{"count":1,"href":"https:\/\/temucotelevision.cl\/web\/wp-json\/wp\/v2\/posts\/10101\/revisions"}],"predecessor-version":[{"id":10103,"href":"https:\/\/temucotelevision.cl\/web\/wp-json\/wp\/v2\/posts\/10101\/revisions\/10103"}],"wp:featuredmedia":[{"embeddable":true,"href":"https:\/\/temucotelevision.cl\/web\/wp-json\/wp\/v2\/media\/10102"}],"wp:attachment":[{"href":"https:\/\/temucotelevision.cl\/web\/wp-json\/wp\/v2\/media?parent=10101"}],"wp:term":[{"taxonomy":"category","embeddable":true,"href":"https:\/\/temucotelevision.cl\/web\/wp-json\/wp\/v2\/categories?post=10101"},{"taxonomy":"post_tag","embeddable":true,"href":"https:\/\/temucotelevision.cl\/web\/wp-json\/wp\/v2\/tags?post=10101"}],"curies":[{"name":"wp","href":"https:\/\/api.w.org\/{rel}","templated":true}]}}